{"id":22574,"date":"2019-08-07T20:39:53","date_gmt":"2019-08-07T20:39:53","guid":{"rendered":"https:\/\/armstrongyregion.com.ar\/diario\/?p=22574"},"modified":"2019-08-07T20:39:53","modified_gmt":"2019-08-07T20:39:53","slug":"armstrong-5-denuncias-en-los-buzones-de-la-vida","status":"publish","type":"post","link":"https:\/\/armstrongyregion.com.ar\/diario\/armstrong-5-denuncias-en-los-buzones-de-la-vida\/","title":{"rendered":"Armstrong. 5 denuncias en los Buzones de la Vida."},"content":{"rendered":"<p><a href=\"http:\/\/armstrongyregion.com.ar\/diario\/wp-content\/uploads\/2019\/08\/68251140_2467629193317813_7497159796521435136_n.jpg\"><img loading=\"lazy\" decoding=\"async\" class=\"alignnone size-full wp-image-22575\" src=\"http:\/\/armstrongyregion.com.ar\/diario\/wp-content\/uploads\/2019\/08\/68251140_2467629193317813_7497159796521435136_n.jpg\" alt=\"68251140_2467629193317813_7497159796521435136_n\" width=\"960\" height=\"720\" srcset=\"https:\/\/armstrongyregion.com.ar\/diario\/wp-content\/uploads\/2019\/08\/68251140_2467629193317813_7497159796521435136_n.jpg 960w, https:\/\/armstrongyregion.com.ar\/diario\/wp-content\/uploads\/2019\/08\/68251140_2467629193317813_7497159796521435136_n-300x225.jpg 300w\" sizes=\"auto, (max-width: 960px) 100vw, 960px\" \/><\/a>En la ma\u00f1ana del mi\u00e9rcoles 7 de agosto se realiz\u00f3 la apertura de los Buzones de la Vida. En primer lugar, el Buz\u00f3n m\u00f3vil ubicado en Club Estudiantes, y luego el que est\u00e1 instalado de manera permanente en el municipio.<\/p>\n<p><a href=\"http:\/\/armstrongyregion.com.ar\/diario\/wp-content\/uploads\/2019\/08\/67648412_2467629299984469_8606082775679762432_n.jpg\"><img loading=\"lazy\" decoding=\"async\" class=\"alignnone size-full wp-image-22576\" src=\"http:\/\/armstrongyregion.com.ar\/diario\/wp-content\/uploads\/2019\/08\/67648412_2467629299984469_8606082775679762432_n.jpg\" alt=\"67648412_2467629299984469_8606082775679762432_n\" width=\"960\" height=\"720\" srcset=\"https:\/\/armstrongyregion.com.ar\/diario\/wp-content\/uploads\/2019\/08\/67648412_2467629299984469_8606082775679762432_n.jpg 960w, https:\/\/armstrongyregion.com.ar\/diario\/wp-content\/uploads\/2019\/08\/67648412_2467629299984469_8606082775679762432_n-300x225.jpg 300w\" sizes=\"auto, (max-width: 960px) 100vw, 960px\" \/><\/a>En esta oportunidad se contabilizaron\u00a0 5 denuncias an\u00f3nimas, todas en el Buz\u00f3n de la Municipalidad, ya que no hubo ninguna en el Buz\u00f3n de la instituci\u00f3n deportiva.<\/p>\n<p>\u201cSiempre le recomiendo a la poblaci\u00f3n que se acerque cuando tenga una denuncia o que cuando vea algo raro llame al 911. Todo lo que tenga que ver con la participaci\u00f3n ciudadana es importante para cuidarnos entre todos\u201d, dijo el Intendente Dr. Pablo Verdecchia.<\/p>\n","protected":false},"excerpt":{"rendered":"<p>En la ma\u00f1ana del mi\u00e9rcoles 7 de agosto se realiz\u00f3 la apertura de los Buzones de la Vida. En primer lugar, el Buz\u00f3n m\u00f3vil ubicado en Club Estudiantes, y luego el que est\u00e1 instalado de manera permanente en el municipio. En esta oportunidad se contabilizaron\u00a0 5 denuncias an\u00f3nimas, todas en el Buz\u00f3n de la Municipalidad, <a href=\"https:\/\/armstrongyregion.com.ar\/diario\/armstrong-5-denuncias-en-los-buzones-de-la-vida\/\" title=\"Read more\" >&#8230;<\/a><\/p>\n","protected":false},"author":1,"featured_media":22575,"comment_status":"open","ping_status":"open","sticky":false,"template":"","format":"standard","meta":{"_jetpack_memberships_contains_paid_content":false,"footnotes":"","jetpack_publicize_message":"","jetpack_publicize_feature_enabled":true,"jetpack_social_post_already_shared":false,"jetpack_social_options":{"image_generator_settings":{"template":"highway","default_image_id":0,"enabled":false},"version":2}},"categories":[8,1,2,7,4],"tags":[8202],"class_list":["post-22574","post","type-post","status-publish","format-standard","has-post-thumbnail","hentry","category-deliberando","category-diario-armstrong","category-locales","category-politica","category-prevencion-salud","tag-armstrong-5-denuncias-en-los-buzones-de-la-vida"],"jetpack_publicize_connections":[],"jetpack_featured_media_url":"https:\/\/armstrongyregion.com.ar\/diario\/wp-content\/uploads\/2019\/08\/68251140_2467629193317813_7497159796521435136_n.jpg","jetpack_shortlink":"https:\/\/wp.me\/p62QDO-5S6","jetpack_sharing_enabled":true,"amp_enabled":true,"_links":{"self":[{"href":"https:\/\/armstrongyregion.com.ar\/diario\/wp-json\/wp\/v2\/posts\/22574","targetHints":{"allow":["GET"]}}],"collection":[{"href":"https:\/\/armstrongyregion.com.ar\/diario\/wp-json\/wp\/v2\/posts"}],"about":[{"href":"https:\/\/armstrongyregion.com.ar\/diario\/wp-json\/wp\/v2\/types\/post"}],"author":[{"embeddable":true,"href":"https:\/\/armstrongyregion.com.ar\/diario\/wp-json\/wp\/v2\/users\/1"}],"replies":[{"embeddable":true,"href":"https:\/\/armstrongyregion.com.ar\/diario\/wp-json\/wp\/v2\/comments?post=22574"}],"version-history":[{"count":0,"href":"https:\/\/armstrongyregion.com.ar\/diario\/wp-json\/wp\/v2\/posts\/22574\/revisions"}],"wp:featuredmedia":[{"embeddable":true,"href":"https:\/\/armstrongyregion.com.ar\/diario\/wp-json\/wp\/v2\/media\/22575"}],"wp:attachment":[{"href":"https:\/\/armstrongyregion.com.ar\/diario\/wp-json\/wp\/v2\/media?parent=22574"}],"wp:term":[{"taxonomy":"category","embeddable":true,"href":"https:\/\/armstrongyregion.com.ar\/diario\/wp-json\/wp\/v2\/categories?post=22574"},{"taxonomy":"post_tag","embeddable":true,"href":"https:\/\/armstrongyregion.com.ar\/diario\/wp-json\/wp\/v2\/tags?post=22574"}],"curies":[{"name":"wp","href":"https:\/\/api.w.org\/{rel}","templated":true}]}}