{"id":2256,"date":"2015-05-20T14:07:54","date_gmt":"2015-05-20T14:07:54","guid":{"rendered":"https:\/\/armstrongyregion.com.ar\/diario\/?p=2256"},"modified":"2015-05-20T14:07:54","modified_gmt":"2015-05-20T14:07:54","slug":"el-concejo-municipal-se-suma-a-la-campana-nacional-ni-una-menos","status":"publish","type":"post","link":"https:\/\/armstrongyregion.com.ar\/diario\/el-concejo-municipal-se-suma-a-la-campana-nacional-ni-una-menos\/","title":{"rendered":"El Concejo Municipal se suma a la campa\u00f1a nacional NI UNA MENOS."},"content":{"rendered":"<p><a href=\"http:\/\/armstrongyregion.com.ar\/diario\/wp-content\/uploads\/2015\/05\/concejales-oficialistas..jpg\"><img loading=\"lazy\" decoding=\"async\" src=\"http:\/\/armstrongyregion.com.ar\/diario\/wp-content\/uploads\/2015\/05\/concejales-oficialistas..jpg\" alt=\"concejales oficialistas.\" width=\"261\" height=\"193\" class=\"alignnone size-full wp-image-2257\" \/><\/a>En la \u00faltima sesi\u00f3n los concejales P\u00e9rez, Marozzi y Di Paolo Presentaron una Declaraci\u00f3n adhiriendo a la convocatoria nacional contra el femicidio, convocada para el d\u00eda 3 de Junio, bajo el lema NI UNA MANOS.<\/p>\n<p>Diferentes sectores sociales y familiares de v\u00edctimas de violencia de g\u00e9nero convocan a una marcha en repudio a los femicidios. La manifestaci\u00f3n  se realizar\u00e1 el 3 de junio a las 17 hs en el Congreso de la Naci\u00f3n, tras los casos conocidos en los \u00faltimos tiempos.<\/p>\n<p>Las cifras son escalofriantes, y datan que a lo largo de 2014, 277 mujeres fueron asesinadas en Argentina, en cr\u00edmenes vinculados con su condici\u00f3n de mujer. Una cada 30 horas. En siete a\u00f1os, 1.808 fueron asesinadas por violencia sexista en el pa\u00eds. Y las cifras s\u00f3lo reflejan los casos que se reflejan en los diarios. No cuenta los que no se denuncian.<\/p>\n<p>Muchos de los casos no son perturbaciones psicol\u00f3gicas, ni \u00abdemasiado amor\u00bb. La violencia machista se desenvuelve en una situaci\u00f3n de crisis del sistema social, que ha puesto a los hombres en una situaci\u00f3n de vulnerabilidad, afirma Vicky Disatnik, representante de la Casa del Encuentro Norma Nassif. Y en ese contexto, las mujeres, tradicionalmente oprimidas y cuyo cuerpo hab\u00eda sido considerado propiedad del hombre, empiezan a acceder a espacios igualitarios y la respuesta de quienes se sienten amenazados es la violencia.<\/p>\n<p>Cuando se trata de un caso de vida o muerte o de una situaci\u00f3n de violencia, de los tiempos que se tome la justicia depende que la v\u00edctima puede salvarse o no. Esta iniciativa busca concientizaci\u00f3n y el pedido desesperado de un freno a estas muertes y a todo tipo de violencia de g\u00e9nero.<\/p>\n<p>Todos los bloques que integran el Concejo aprobaron por unanimidad la iniciativa.<\/p>\n","protected":false},"excerpt":{"rendered":"<p>En la \u00faltima sesi\u00f3n los concejales P\u00e9rez, Marozzi y Di Paolo Presentaron una Declaraci\u00f3n adhiriendo a la convocatoria nacional contra el femicidio, convocada para el d\u00eda 3 de Junio, bajo el lema NI UNA MANOS. Diferentes sectores sociales y familiares de v\u00edctimas de violencia de g\u00e9nero convocan a una marcha en repudio a los femicidios. <a href=\"https:\/\/armstrongyregion.com.ar\/diario\/el-concejo-municipal-se-suma-a-la-campana-nacional-ni-una-menos\/\" title=\"Read more\" >&#8230;<\/a><\/p>\n","protected":false},"author":2,"featured_media":2257,"comment_status":"open","ping_status":"open","sticky":false,"template":"","format":"standard","meta":{"_jetpack_memberships_contains_paid_content":false,"footnotes":"","jetpack_publicize_message":"","jetpack_publicize_feature_enabled":true,"jetpack_social_post_already_shared":false,"jetpack_social_options":{"image_generator_settings":{"template":"highway","default_image_id":0,"enabled":false},"version":2}},"categories":[8,1,2,7],"tags":[33,1007,868,16,31,1773,524,621,1772,86,1771,103],"class_list":["post-2256","post","type-post","status-publish","format-standard","has-post-thumbnail","hentry","category-deliberando","category-diario-armstrong","category-locales","category-politica","tag-a","tag-campana","tag-concejo","tag-el","tag-la","tag-menos","tag-municipal","tag-nacional","tag-ni","tag-se","tag-suma","tag-una"],"jetpack_publicize_connections":[],"jetpack_featured_media_url":"https:\/\/armstrongyregion.com.ar\/diario\/wp-content\/uploads\/2015\/05\/concejales-oficialistas..jpg","jetpack_shortlink":"https:\/\/wp.me\/p62QDO-Ao","jetpack_sharing_enabled":true,"amp_enabled":true,"_links":{"self":[{"href":"https:\/\/armstrongyregion.com.ar\/diario\/wp-json\/wp\/v2\/posts\/2256","targetHints":{"allow":["GET"]}}],"collection":[{"href":"https:\/\/armstrongyregion.com.ar\/diario\/wp-json\/wp\/v2\/posts"}],"about":[{"href":"https:\/\/armstrongyregion.com.ar\/diario\/wp-json\/wp\/v2\/types\/post"}],"author":[{"embeddable":true,"href":"https:\/\/armstrongyregion.com.ar\/diario\/wp-json\/wp\/v2\/users\/2"}],"replies":[{"embeddable":true,"href":"https:\/\/armstrongyregion.com.ar\/diario\/wp-json\/wp\/v2\/comments?post=2256"}],"version-history":[{"count":0,"href":"https:\/\/armstrongyregion.com.ar\/diario\/wp-json\/wp\/v2\/posts\/2256\/revisions"}],"wp:featuredmedia":[{"embeddable":true,"href":"https:\/\/armstrongyregion.com.ar\/diario\/wp-json\/wp\/v2\/media\/2257"}],"wp:attachment":[{"href":"https:\/\/armstrongyregion.com.ar\/diario\/wp-json\/wp\/v2\/media?parent=2256"}],"wp:term":[{"taxonomy":"category","embeddable":true,"href":"https:\/\/armstrongyregion.com.ar\/diario\/wp-json\/wp\/v2\/categories?post=2256"},{"taxonomy":"post_tag","embeddable":true,"href":"https:\/\/armstrongyregion.com.ar\/diario\/wp-json\/wp\/v2\/tags?post=2256"}],"curies":[{"name":"wp","href":"https:\/\/api.w.org\/{rel}","templated":true}]}}