{"id":22548,"date":"2019-08-06T14:50:50","date_gmt":"2019-08-06T14:50:50","guid":{"rendered":"https:\/\/armstrongyregion.com.ar\/diario\/?p=22548"},"modified":"2019-08-06T14:50:50","modified_gmt":"2019-08-06T14:50:50","slug":"armstrong-orden-del-dia-6-de-agosto-2019","status":"publish","type":"post","link":"https:\/\/armstrongyregion.com.ar\/diario\/armstrong-orden-del-dia-6-de-agosto-2019\/","title":{"rendered":"Armstrong. Orden del Dia 6 de Agosto 2019."},"content":{"rendered":"<p><a href=\"http:\/\/armstrongyregion.com.ar\/diario\/wp-content\/uploads\/2019\/03\/Apertura-concejo-19-1-.jpg\"><img loading=\"lazy\" decoding=\"async\" class=\"alignnone size-full wp-image-20726\" src=\"http:\/\/armstrongyregion.com.ar\/diario\/wp-content\/uploads\/2019\/03\/Apertura-concejo-19-1-.jpg\" alt=\"Apertura-concejo-19-1-\" width=\"960\" height=\"466\" srcset=\"https:\/\/armstrongyregion.com.ar\/diario\/wp-content\/uploads\/2019\/03\/Apertura-concejo-19-1-.jpg 960w, https:\/\/armstrongyregion.com.ar\/diario\/wp-content\/uploads\/2019\/03\/Apertura-concejo-19-1--300x146.jpg 300w\" sizes=\"auto, (max-width: 960px) 100vw, 960px\" \/><\/a>1-\u00a0 <u>ACTA\u00a0 SESION\u00a0 N\u00ba 1003<\/u><\/p>\n<p><u>\u00a0<\/u>2-\u00a0 <u>MENSAJES DEL D.E.:<\/u><\/p>\n<p>A- PROYECTO DE ORDENANZA: ACEPTACI\u00d3N DE DONACI\u00d3N DE UNA FRACCI\u00d3N DE TERRENO, PROPIEDAD DEL SR. JOS\u00c9 ANTONIO ISOARDI.<\/p>\n<p>&nbsp;<\/p>\n<p>3-\u00a0 <u>CORRESPONDENCIA:<\/u><\/p>\n<p>&nbsp;<\/p>\n<p>A- DELFO HUELLAS DE UN PUEBLO: INVITACI\u00d3N AL ESTRENO DEL PROYECTO TRANSMEDIA.<\/p>\n<p>&nbsp;<\/p>\n<p>4-\u00a0 <u>DICTAMENES DE COMISIONES:<\/u><\/p>\n<p>&nbsp;<\/p>\n<p>5-\u00a0 <u>PROYECTOS DE CONCEJALES:<\/u><\/p>\n<p>&nbsp;<\/p>\n<p>A- <u>BLOQUE DE FRENTE PROGRESISTA, C\u00cdVICO Y SOCIAL:<\/u><\/p>\n<p>&nbsp;<\/p>\n<p>1-\u00a0 RES.: NOTIFICACI\u00d3N DE NUEVAS AUTORIDADES POLICIALES.<\/p>\n<p>2-\u00a0 RES.: FECHA PARA LA PRIMERA SESI\u00d3N DEL CONCEJO JOVEN.<\/p>\n<p>3-\u00a0 ORD.: REQUISITOS PARA DECLARACIONES DE INTER\u00c9S MUNICIPAL.<\/p>\n<p>&nbsp;<\/p>\n<p>B- <u>BLOQUE DE RENOVACI\u00d3N POR ARMSTRONG:<\/u><\/p>\n<p>&nbsp;<\/p>\n<p>4- MC.: REQUISITOS PARA EL OTORGAMIENTO DE CARNET DE CONDUCTOR.<\/p>\n<p>&nbsp;<\/p>\n<p>C- <u>BLOQUE JUSTICIALISTA:<\/u><\/p>\n<p>&nbsp;<\/p>\n<p>5- MC.: CUMPLIMIENTO DE ORDENANZA SOBRE PLAYA DE ESTACIONAMIENTO DE CAMIONES.<\/p>\n<p>&nbsp;<\/p>\n<p>D- <u>CONCEJO:<\/u><\/p>\n<p>&nbsp;<\/p>\n<p>6- MD.: RECONOCIMIENTO AL DEPORTISTA FACUNDO BAGNIS.<\/p>\n<p>&nbsp;<\/p>\n<p>ENTREGA DE PRESENTE A FACUNDO FINA.<\/p>\n<p>&nbsp;<\/p>\n<p>&nbsp;<\/p>\n<p>INICIO A LAS 20:00 HORAS.<\/p>\n","protected":false},"excerpt":{"rendered":"<p>1-\u00a0 ACTA\u00a0 SESION\u00a0 N\u00ba 1003 \u00a02-\u00a0 MENSAJES DEL D.E.: A- PROYECTO DE ORDENANZA: ACEPTACI\u00d3N DE DONACI\u00d3N DE UNA FRACCI\u00d3N DE TERRENO, PROPIEDAD DEL SR. JOS\u00c9 ANTONIO ISOARDI. &nbsp; 3-\u00a0 CORRESPONDENCIA: &nbsp; A- DELFO HUELLAS DE UN PUEBLO: INVITACI\u00d3N AL ESTRENO DEL PROYECTO TRANSMEDIA. &nbsp; 4-\u00a0 DICTAMENES DE COMISIONES: &nbsp; 5-\u00a0 PROYECTOS DE CONCEJALES: &nbsp; A- <a href=\"https:\/\/armstrongyregion.com.ar\/diario\/armstrong-orden-del-dia-6-de-agosto-2019\/\" title=\"Read more\" >&#8230;<\/a><\/p>\n","protected":false},"author":1,"featured_media":20726,"comment_status":"open","ping_status":"open","sticky":false,"template":"","format":"standard","meta":{"_jetpack_memberships_contains_paid_content":false,"footnotes":"","jetpack_publicize_message":"","jetpack_publicize_feature_enabled":true,"jetpack_social_post_already_shared":false,"jetpack_social_options":{"image_generator_settings":{"template":"highway","default_image_id":0,"enabled":false},"version":2}},"categories":[8,1,2,7,3],"tags":[8194],"class_list":["post-22548","post","type-post","status-publish","format-standard","has-post-thumbnail","hentry","category-deliberando","category-diario-armstrong","category-locales","category-politica","category-region","tag-armstrong-orden-del-dia-6-de-agosto-2019"],"jetpack_publicize_connections":[],"jetpack_featured_media_url":"https:\/\/armstrongyregion.com.ar\/diario\/wp-content\/uploads\/2019\/03\/Apertura-concejo-19-1-.jpg","jetpack_shortlink":"https:\/\/wp.me\/p62QDO-5RG","jetpack_sharing_enabled":true,"amp_enabled":true,"_links":{"self":[{"href":"https:\/\/armstrongyregion.com.ar\/diario\/wp-json\/wp\/v2\/posts\/22548","targetHints":{"allow":["GET"]}}],"collection":[{"href":"https:\/\/armstrongyregion.com.ar\/diario\/wp-json\/wp\/v2\/posts"}],"about":[{"href":"https:\/\/armstrongyregion.com.ar\/diario\/wp-json\/wp\/v2\/types\/post"}],"author":[{"embeddable":true,"href":"https:\/\/armstrongyregion.com.ar\/diario\/wp-json\/wp\/v2\/users\/1"}],"replies":[{"embeddable":true,"href":"https:\/\/armstrongyregion.com.ar\/diario\/wp-json\/wp\/v2\/comments?post=22548"}],"version-history":[{"count":0,"href":"https:\/\/armstrongyregion.com.ar\/diario\/wp-json\/wp\/v2\/posts\/22548\/revisions"}],"wp:featuredmedia":[{"embeddable":true,"href":"https:\/\/armstrongyregion.com.ar\/diario\/wp-json\/wp\/v2\/media\/20726"}],"wp:attachment":[{"href":"https:\/\/armstrongyregion.com.ar\/diario\/wp-json\/wp\/v2\/media?parent=22548"}],"wp:term":[{"taxonomy":"category","embeddable":true,"href":"https:\/\/armstrongyregion.com.ar\/diario\/wp-json\/wp\/v2\/categories?post=22548"},{"taxonomy":"post_tag","embeddable":true,"href":"https:\/\/armstrongyregion.com.ar\/diario\/wp-json\/wp\/v2\/tags?post=22548"}],"curies":[{"name":"wp","href":"https:\/\/api.w.org\/{rel}","templated":true}]}}