{"id":22544,"date":"2019-08-06T14:43:58","date_gmt":"2019-08-06T14:43:58","guid":{"rendered":"https:\/\/armstrongyregion.com.ar\/diario\/?p=22544"},"modified":"2019-08-06T14:43:58","modified_gmt":"2019-08-06T14:43:58","slug":"deliberando-hoy-pre-candidatos-a-diputados-nacionales","status":"publish","type":"post","link":"https:\/\/armstrongyregion.com.ar\/diario\/deliberando-hoy-pre-candidatos-a-diputados-nacionales\/","title":{"rendered":"Deliberando: Hoy Pre candidatos a Diputados Nacionales."},"content":{"rendered":"<p><a href=\"http:\/\/armstrongyregion.com.ar\/diario\/wp-content\/uploads\/2019\/08\/solis-sandra-.jpg\"><img loading=\"lazy\" decoding=\"async\" class=\"alignnone size-full wp-image-22545\" src=\"http:\/\/armstrongyregion.com.ar\/diario\/wp-content\/uploads\/2019\/08\/solis-sandra-.jpg\" alt=\"solis-sandra-\" width=\"768\" height=\"443\" srcset=\"https:\/\/armstrongyregion.com.ar\/diario\/wp-content\/uploads\/2019\/08\/solis-sandra-.jpg 768w, https:\/\/armstrongyregion.com.ar\/diario\/wp-content\/uploads\/2019\/08\/solis-sandra--300x173.jpg 300w\" sizes=\"auto, (max-width: 768px) 100vw, 768px\" \/><\/a>Este martes en Deliberando, participara en primera instancia, Sandra Clerici quien integra la lista de Diputados Nacionales, por \u201cConsenso Federal, encabezada por Enrique Est\u00e9vez, y estar\u00e1 acompa\u00f1ada por el Diputado Provincial Miguel Sol\u00eds. Ambos expresaran porque el apoyo incondicional a la candidatura a la Presidencia de Roberto Lavagna y la necesidad de que Santa Fe tenga un Diputado del Frente Progresista con las convicciones y el trabajo de Enrique Est\u00e9vez.<\/p>\n<p><a href=\"http:\/\/armstrongyregion.com.ar\/diario\/wp-content\/uploads\/2019\/08\/don-maolo-.jpg\"><img loading=\"lazy\" decoding=\"async\" class=\"alignnone size-full wp-image-22546\" src=\"http:\/\/armstrongyregion.com.ar\/diario\/wp-content\/uploads\/2019\/08\/don-maolo-.jpg\" alt=\"don-maolo-\" width=\"763\" height=\"466\" srcset=\"https:\/\/armstrongyregion.com.ar\/diario\/wp-content\/uploads\/2019\/08\/don-maolo-.jpg 763w, https:\/\/armstrongyregion.com.ar\/diario\/wp-content\/uploads\/2019\/08\/don-maolo--300x183.jpg 300w\" sizes=\"auto, (max-width: 763px) 100vw, 763px\" \/><\/a>Luego cerrara nuestro programa el Candidato a Diputado Nacional por el Partido Autonomista, Lista E, V\u00edctor Hugo Maolo, \u201cCreer para Crecer\u201d, cu\u00e1les son sus propuestas y como se podr\u00eda beneficiar y en qu\u00e9 aspectos a los santafesinos.<\/p>\n","protected":false},"excerpt":{"rendered":"<p>Este martes en Deliberando, participara en primera instancia, Sandra Clerici quien integra la lista de Diputados Nacionales, por \u201cConsenso Federal, encabezada por Enrique Est\u00e9vez, y estar\u00e1 acompa\u00f1ada por el Diputado Provincial Miguel Sol\u00eds. Ambos expresaran porque el apoyo incondicional a la candidatura a la Presidencia de Roberto Lavagna y la necesidad de que Santa Fe <a href=\"https:\/\/armstrongyregion.com.ar\/diario\/deliberando-hoy-pre-candidatos-a-diputados-nacionales\/\" title=\"Read more\" >&#8230;<\/a><\/p>\n","protected":false},"author":1,"featured_media":22545,"comment_status":"open","ping_status":"open","sticky":false,"template":"","format":"standard","meta":{"_jetpack_memberships_contains_paid_content":false,"footnotes":"","jetpack_publicize_message":"","jetpack_publicize_feature_enabled":true,"jetpack_social_post_already_shared":false,"jetpack_social_options":{"image_generator_settings":{"template":"highway","default_image_id":0,"enabled":false},"version":2}},"categories":[8,1,2,7,3],"tags":[8193],"class_list":["post-22544","post","type-post","status-publish","format-standard","has-post-thumbnail","hentry","category-deliberando","category-diario-armstrong","category-locales","category-politica","category-region","tag-deliberando-hoy-pre-candidatos-a-diputados-nacionales"],"jetpack_publicize_connections":[],"jetpack_featured_media_url":"https:\/\/armstrongyregion.com.ar\/diario\/wp-content\/uploads\/2019\/08\/solis-sandra-.jpg","jetpack_shortlink":"https:\/\/wp.me\/p62QDO-5RC","jetpack_sharing_enabled":true,"amp_enabled":true,"_links":{"self":[{"href":"https:\/\/armstrongyregion.com.ar\/diario\/wp-json\/wp\/v2\/posts\/22544","targetHints":{"allow":["GET"]}}],"collection":[{"href":"https:\/\/armstrongyregion.com.ar\/diario\/wp-json\/wp\/v2\/posts"}],"about":[{"href":"https:\/\/armstrongyregion.com.ar\/diario\/wp-json\/wp\/v2\/types\/post"}],"author":[{"embeddable":true,"href":"https:\/\/armstrongyregion.com.ar\/diario\/wp-json\/wp\/v2\/users\/1"}],"replies":[{"embeddable":true,"href":"https:\/\/armstrongyregion.com.ar\/diario\/wp-json\/wp\/v2\/comments?post=22544"}],"version-history":[{"count":0,"href":"https:\/\/armstrongyregion.com.ar\/diario\/wp-json\/wp\/v2\/posts\/22544\/revisions"}],"wp:featuredmedia":[{"embeddable":true,"href":"https:\/\/armstrongyregion.com.ar\/diario\/wp-json\/wp\/v2\/media\/22545"}],"wp:attachment":[{"href":"https:\/\/armstrongyregion.com.ar\/diario\/wp-json\/wp\/v2\/media?parent=22544"}],"wp:term":[{"taxonomy":"category","embeddable":true,"href":"https:\/\/armstrongyregion.com.ar\/diario\/wp-json\/wp\/v2\/categories?post=22544"},{"taxonomy":"post_tag","embeddable":true,"href":"https:\/\/armstrongyregion.com.ar\/diario\/wp-json\/wp\/v2\/tags?post=22544"}],"curies":[{"name":"wp","href":"https:\/\/api.w.org\/{rel}","templated":true}]}}