{"id":22537,"date":"2019-08-05T13:08:06","date_gmt":"2019-08-05T13:08:06","guid":{"rendered":"https:\/\/armstrongyregion.com.ar\/diario\/?p=22537"},"modified":"2019-08-05T13:08:06","modified_gmt":"2019-08-05T13:08:06","slug":"marco-legal-para-las-cooperativas-por-miguel-solis","status":"publish","type":"post","link":"https:\/\/armstrongyregion.com.ar\/diario\/marco-legal-para-las-cooperativas-por-miguel-solis\/","title":{"rendered":"Marco Legal para las cooperativas. Por Miguel Solis."},"content":{"rendered":"<table class=\"hentry\">\n<tbody>\n<tr>\n<td>\n<div id=\"nota_interior\" class=\"edimpresa\">\n<div class=\"entry-content\">\n<p class=\"x-texto\"><a href=\"http:\/\/armstrongyregion.com.ar\/diario\/wp-content\/uploads\/2017\/11\/solis-miguelito-.jpg\"><img loading=\"lazy\" decoding=\"async\" class=\"alignnone size-full wp-image-15293\" src=\"http:\/\/armstrongyregion.com.ar\/diario\/wp-content\/uploads\/2017\/11\/solis-miguelito-.jpg\" alt=\"solis-miguelito-\" width=\"768\" height=\"566\" srcset=\"https:\/\/armstrongyregion.com.ar\/diario\/wp-content\/uploads\/2017\/11\/solis-miguelito-.jpg 768w, https:\/\/armstrongyregion.com.ar\/diario\/wp-content\/uploads\/2017\/11\/solis-miguelito--300x221.jpg 300w\" sizes=\"auto, (max-width: 768px) 100vw, 768px\" \/><\/a>Desde hace tiempo se sabe que la matriz productiva del departamento Belgrano, ampliamente relacionada al sector agroindustrial, ofrece insuficientes alternativas laborales a las mujeres que desean entrar al mercado laboral sin un t\u00edtulo terciario, sin una especialidad o con escasa formaci\u00f3n y capacitaci\u00f3n.<\/p>\n<p class=\"x-texto\">M\u00e1s marcada en las ciudades que en los pueblos, esta situaci\u00f3n aflora con frecuencia, en el contacto personal, cuando acuden a mi despacho en busca de alguna soluci\u00f3n, en muchos casos, mujeres j\u00f3venes, desempleadas, que se c onvirtieron en sost\u00e9n de familia.<\/p>\n<p class=\"x-texto\">Desde ese lugar, de inclusi\u00f3n, de sensibilidad social, de evitar el desarraigo, de desarrollo personal y colectivo, buscando una respuesta a esa problem\u00e1tica no solo laboral, sino tambi\u00e9n de g\u00e9nero, es que pusimos en marcha una cooperativa de producci\u00f3n de calzado en la ciudad de Las Parejas.<\/p>\n<p class=\"x-texto\">As\u00ed nace la Cooperativa Incluir. La propuesta fue tomada inicialmente por una decena de mujeres, de distintas familias de la localidad, sin inserci\u00f3n en el mercado laboral, a las que ayudamos fuertemente en la capacitaci\u00f3n personal, adquisici\u00f3n de las maquinaria, gesti\u00f3n de los requisitos legales, redacci\u00f3n del estatuto, alquiler del inmueble, compra de la materia prima y un sinn\u00famero de otras peque\u00f1as acciones que resultaron ser el puntapi\u00e9 inicial de este destacado emprendimiento que en los pr\u00f3ximos d\u00edas cumple su tercer aniversario.<\/p>\n<p class=\"x-texto\">En sinton\u00eda, desde la Legislatura aprobamos la Ley de Empresas Recuperadas, tomamos postura en contra del Impuesto a las Ganancias a mutuales y cooperativas, propiciamos proyectos de apoyo y financiaci\u00f3n a peque\u00f1os emprendedores, promulgamos el Compre Santafesino; en fin, creamos el marco legal e institucional que fomente el empleo y la producci\u00f3n, y que le otorgue oportunidades a quienes poseen menos herramientas de desarrollo.<\/p>\n<p class=\"x-texto\">Es una de las respuestas a nuestro alcance para afrontar la crisis que estamos viviendo; sostener proyectos personales o cooperativos, que perduren en el tiempo. Ser\u00e1n sus primeros pasos: les damos envi\u00f3n y luego realizamos su seguimiento.<\/p>\n<p class=\"x-texto\">Por Dip. Miguel Solis.<\/p>\n<\/div>\n<\/div>\n<\/td>\n<\/tr>\n<\/tbody>\n<\/table>\n<p>&nbsp;<\/p>\n","protected":false},"excerpt":{"rendered":"<p>Desde hace tiempo se sabe que la matriz productiva del departamento Belgrano, ampliamente relacionada al sector agroindustrial, ofrece insuficientes alternativas laborales a las mujeres que desean entrar al mercado laboral sin un t\u00edtulo terciario, sin una especialidad o con escasa formaci\u00f3n y capacitaci\u00f3n. M\u00e1s marcada en las ciudades que en los pueblos, esta situaci\u00f3n aflora <a href=\"https:\/\/armstrongyregion.com.ar\/diario\/marco-legal-para-las-cooperativas-por-miguel-solis\/\" title=\"Read more\" >&#8230;<\/a><\/p>\n","protected":false},"author":1,"featured_media":16424,"comment_status":"open","ping_status":"open","sticky":false,"template":"","format":"standard","meta":{"_jetpack_memberships_contains_paid_content":false,"footnotes":"","jetpack_publicize_message":"","jetpack_publicize_feature_enabled":true,"jetpack_social_post_already_shared":false,"jetpack_social_options":{"image_generator_settings":{"template":"highway","default_image_id":0,"enabled":false},"version":2}},"categories":[8,1,2,7,3],"tags":[8191],"class_list":["post-22537","post","type-post","status-publish","format-standard","has-post-thumbnail","hentry","category-deliberando","category-diario-armstrong","category-locales","category-politica","category-region","tag-marco-legal-para-las-cooperativas-por-miguel-solis"],"jetpack_publicize_connections":[],"jetpack_featured_media_url":"https:\/\/armstrongyregion.com.ar\/diario\/wp-content\/uploads\/2018\/03\/solis_miguel1-1.jpg","jetpack_shortlink":"https:\/\/wp.me\/p62QDO-5Rv","jetpack_sharing_enabled":true,"amp_enabled":true,"_links":{"self":[{"href":"https:\/\/armstrongyregion.com.ar\/diario\/wp-json\/wp\/v2\/posts\/22537","targetHints":{"allow":["GET"]}}],"collection":[{"href":"https:\/\/armstrongyregion.com.ar\/diario\/wp-json\/wp\/v2\/posts"}],"about":[{"href":"https:\/\/armstrongyregion.com.ar\/diario\/wp-json\/wp\/v2\/types\/post"}],"author":[{"embeddable":true,"href":"https:\/\/armstrongyregion.com.ar\/diario\/wp-json\/wp\/v2\/users\/1"}],"replies":[{"embeddable":true,"href":"https:\/\/armstrongyregion.com.ar\/diario\/wp-json\/wp\/v2\/comments?post=22537"}],"version-history":[{"count":0,"href":"https:\/\/armstrongyregion.com.ar\/diario\/wp-json\/wp\/v2\/posts\/22537\/revisions"}],"wp:featuredmedia":[{"embeddable":true,"href":"https:\/\/armstrongyregion.com.ar\/diario\/wp-json\/wp\/v2\/media\/16424"}],"wp:attachment":[{"href":"https:\/\/armstrongyregion.com.ar\/diario\/wp-json\/wp\/v2\/media?parent=22537"}],"wp:term":[{"taxonomy":"category","embeddable":true,"href":"https:\/\/armstrongyregion.com.ar\/diario\/wp-json\/wp\/v2\/categories?post=22537"},{"taxonomy":"post_tag","embeddable":true,"href":"https:\/\/armstrongyregion.com.ar\/diario\/wp-json\/wp\/v2\/tags?post=22537"}],"curies":[{"name":"wp","href":"https:\/\/api.w.org\/{rel}","templated":true}]}}