{"id":22531,"date":"2019-08-05T00:01:00","date_gmt":"2019-08-05T00:01:00","guid":{"rendered":"https:\/\/armstrongyregion.com.ar\/diario\/?p=22531"},"modified":"2019-08-05T00:01:00","modified_gmt":"2019-08-05T00:01:00","slug":"intrusismo-profesional-en-nutricion-por-lic-emiliano-centeno","status":"publish","type":"post","link":"https:\/\/armstrongyregion.com.ar\/diario\/intrusismo-profesional-en-nutricion-por-lic-emiliano-centeno\/","title":{"rendered":"Intrusismo profesional en Nutrici\u00f3n. Por Lic. Emiliano Centeno."},"content":{"rendered":"<p><a href=\"http:\/\/armstrongyregion.com.ar\/diario\/wp-content\/uploads\/2019\/08\/Emito-Centeno.jpg\"><img loading=\"lazy\" decoding=\"async\" class=\"alignnone size-full wp-image-22532\" src=\"http:\/\/armstrongyregion.com.ar\/diario\/wp-content\/uploads\/2019\/08\/Emito-Centeno.jpg\" alt=\"Emito-Centeno\" width=\"768\" height=\"400\" srcset=\"https:\/\/armstrongyregion.com.ar\/diario\/wp-content\/uploads\/2019\/08\/Emito-Centeno.jpg 768w, https:\/\/armstrongyregion.com.ar\/diario\/wp-content\/uploads\/2019\/08\/Emito-Centeno-300x156.jpg 300w\" sizes=\"auto, (max-width: 768px) 100vw, 768px\" \/><\/a>Intrusismo nutricional: El riesgo de la arremetida de aquellos quienes no poseen un t\u00edtulo profesional en nutrici\u00f3n y que \u201cdan c\u00e1tedra\u201d a la poblaci\u00f3n.<\/p>\n<p>El Lic. En Nutrici\u00f3n, Emiliano Centeno,\u00a0 se\u00f1ala que hoy esta situaci\u00f3n afecta a muchas personas, usuarios de servicios que creyendo que todo esto se encuentra regulado, conf\u00edan y \u201cfinalmente se encuentran con la lamentable sorpresa, de que sabe menos que un art\u00edculo de una revista de modas o belleza con tips de alimentaci\u00f3n, que acaban arruinando la salud de las personas\u201d.<\/p>\n<p>El Colegio de Nutricionistas, agrega que es una falta de respeto hacia las personas cuando se inventan t\u00edtulos profesionales o se califican de expertos sin serlo, un caso muy conocido es el de la Dra. Rimolo, explicaba Centeno. Sumado a que personas famosas recomiendas diversas dietas desde las redes sociales, ll\u00e1mense Instagran u otras.<\/p>\n<p>El profesional, advierte que, quien sufre la falta de regulaci\u00f3n actual, son las personas y peor a\u00fan siempre son y ser\u00e1n los m\u00e1s vulnerables, dado que, como tienen m\u00e1s necesidades de salud, terminan acudiendo a lo que sea y desgraciadamente si sale en la \u201cTele\u201d mejor, ya que el monitor de la convicci\u00f3n todo lo puede.<\/p>\n<p>Fuente: Programa Prevenci\u00f3n y Salud. Por Lic. en Nutrici\u00f3n Emiliano Centeno.<\/p>\n<p>Programa Estreno Lunes 5 de Agosto 13,30hs. Jueves 20hs y S\u00e1bados 12,30hs.<\/p>\n","protected":false},"excerpt":{"rendered":"<p>Intrusismo nutricional: El riesgo de la arremetida de aquellos quienes no poseen un t\u00edtulo profesional en nutrici\u00f3n y que \u201cdan c\u00e1tedra\u201d a la poblaci\u00f3n. El Lic. En Nutrici\u00f3n, Emiliano Centeno,\u00a0 se\u00f1ala que hoy esta situaci\u00f3n afecta a muchas personas, usuarios de servicios que creyendo que todo esto se encuentra regulado, conf\u00edan y \u201cfinalmente se encuentran <a href=\"https:\/\/armstrongyregion.com.ar\/diario\/intrusismo-profesional-en-nutricion-por-lic-emiliano-centeno\/\" title=\"Read more\" >&#8230;<\/a><\/p>\n","protected":false},"author":1,"featured_media":22532,"comment_status":"open","ping_status":"open","sticky":false,"template":"","format":"standard","meta":{"_jetpack_memberships_contains_paid_content":false,"footnotes":"","jetpack_publicize_message":"","jetpack_publicize_feature_enabled":true,"jetpack_social_post_already_shared":false,"jetpack_social_options":{"image_generator_settings":{"template":"highway","default_image_id":0,"enabled":false},"version":2}},"categories":[8,1,2,4,3],"tags":[8189],"class_list":["post-22531","post","type-post","status-publish","format-standard","has-post-thumbnail","hentry","category-deliberando","category-diario-armstrong","category-locales","category-prevencion-salud","category-region","tag-intrusismo-profesional-en-nutricion-por-lic-emiliano-centeno"],"jetpack_publicize_connections":[],"jetpack_featured_media_url":"https:\/\/armstrongyregion.com.ar\/diario\/wp-content\/uploads\/2019\/08\/Emito-Centeno.jpg","jetpack_shortlink":"https:\/\/wp.me\/p62QDO-5Rp","jetpack_sharing_enabled":true,"amp_enabled":true,"_links":{"self":[{"href":"https:\/\/armstrongyregion.com.ar\/diario\/wp-json\/wp\/v2\/posts\/22531","targetHints":{"allow":["GET"]}}],"collection":[{"href":"https:\/\/armstrongyregion.com.ar\/diario\/wp-json\/wp\/v2\/posts"}],"about":[{"href":"https:\/\/armstrongyregion.com.ar\/diario\/wp-json\/wp\/v2\/types\/post"}],"author":[{"embeddable":true,"href":"https:\/\/armstrongyregion.com.ar\/diario\/wp-json\/wp\/v2\/users\/1"}],"replies":[{"embeddable":true,"href":"https:\/\/armstrongyregion.com.ar\/diario\/wp-json\/wp\/v2\/comments?post=22531"}],"version-history":[{"count":0,"href":"https:\/\/armstrongyregion.com.ar\/diario\/wp-json\/wp\/v2\/posts\/22531\/revisions"}],"wp:featuredmedia":[{"embeddable":true,"href":"https:\/\/armstrongyregion.com.ar\/diario\/wp-json\/wp\/v2\/media\/22532"}],"wp:attachment":[{"href":"https:\/\/armstrongyregion.com.ar\/diario\/wp-json\/wp\/v2\/media?parent=22531"}],"wp:term":[{"taxonomy":"category","embeddable":true,"href":"https:\/\/armstrongyregion.com.ar\/diario\/wp-json\/wp\/v2\/categories?post=22531"},{"taxonomy":"post_tag","embeddable":true,"href":"https:\/\/armstrongyregion.com.ar\/diario\/wp-json\/wp\/v2\/tags?post=22531"}],"curies":[{"name":"wp","href":"https:\/\/api.w.org\/{rel}","templated":true}]}}