{"id":22526,"date":"2019-08-04T23:24:01","date_gmt":"2019-08-04T23:24:01","guid":{"rendered":"https:\/\/armstrongyregion.com.ar\/diario\/?p=22526"},"modified":"2019-08-04T23:24:01","modified_gmt":"2019-08-04T23:24:01","slug":"superando-expectativas-se-concreto-la-17-maraton-delfo-cabrera","status":"publish","type":"post","link":"https:\/\/armstrongyregion.com.ar\/diario\/superando-expectativas-se-concreto-la-17-maraton-delfo-cabrera\/","title":{"rendered":"Superando expectativas se concret\u00f3 la 17\u00b0 marat\u00f3n Delfo  Cabrera."},"content":{"rendered":"<p><a href=\"http:\/\/armstrongyregion.com.ar\/diario\/wp-content\/uploads\/2019\/08\/Julian-Molina-.jpg\"><img loading=\"lazy\" decoding=\"async\" class=\"alignnone size-full wp-image-22527\" src=\"http:\/\/armstrongyregion.com.ar\/diario\/wp-content\/uploads\/2019\/08\/Julian-Molina-.jpg\" alt=\"Julian-Molina-\" width=\"756\" height=\"600\" srcset=\"https:\/\/armstrongyregion.com.ar\/diario\/wp-content\/uploads\/2019\/08\/Julian-Molina-.jpg 756w, https:\/\/armstrongyregion.com.ar\/diario\/wp-content\/uploads\/2019\/08\/Julian-Molina--300x238.jpg 300w\" sizes=\"auto, (max-width: 756px) 100vw, 756px\" \/><\/a>\u201cNuevamente nos han superado las expectativas\u201d, expreso el intendente local Dr. Pablo Verdechia.<\/p>\n<p><a href=\"http:\/\/armstrongyregion.com.ar\/diario\/wp-content\/uploads\/2019\/08\/Juli-2.jpg\"><img loading=\"lazy\" decoding=\"async\" class=\"alignnone size-full wp-image-22528\" src=\"http:\/\/armstrongyregion.com.ar\/diario\/wp-content\/uploads\/2019\/08\/Juli-2.jpg\" alt=\"Juli-2\" width=\"960\" height=\"466\" srcset=\"https:\/\/armstrongyregion.com.ar\/diario\/wp-content\/uploads\/2019\/08\/Juli-2.jpg 960w, https:\/\/armstrongyregion.com.ar\/diario\/wp-content\/uploads\/2019\/08\/Juli-2-300x146.jpg 300w\" sizes=\"auto, (max-width: 960px) 100vw, 960px\" \/><\/a>Luego a\u00f1adi\u00f3: \u201cMas de 1700 personas han participado en las diferentes categor\u00edas. El d\u00eda de hoy hemos honrado a Delfo Cabrera con esta marat\u00f3n, tan propia de nuestra ciudad, que los ciudadanos lo viven \u00a0como una fiesta. Los vecinos desde sus casas alientan a los deportistas, los grupos de running de Armstrong, cada vez son m\u00e1s grandes. Hoy acompa\u00f1o el sol, solo un poquito de viento en principio, pero luego mermo\u201d.<\/p>\n<p><a href=\"http:\/\/armstrongyregion.com.ar\/diario\/wp-content\/uploads\/2019\/08\/67570007_2462541073826625_3067231227783151616_n.jpg\"><img loading=\"lazy\" decoding=\"async\" class=\"alignnone size-full wp-image-22529\" src=\"http:\/\/armstrongyregion.com.ar\/diario\/wp-content\/uploads\/2019\/08\/67570007_2462541073826625_3067231227783151616_n.jpg\" alt=\"67570007_2462541073826625_3067231227783151616_n\" width=\"755\" height=\"466\" srcset=\"https:\/\/armstrongyregion.com.ar\/diario\/wp-content\/uploads\/2019\/08\/67570007_2462541073826625_3067231227783151616_n.jpg 755w, https:\/\/armstrongyregion.com.ar\/diario\/wp-content\/uploads\/2019\/08\/67570007_2462541073826625_3067231227783151616_n-300x185.jpg 300w\" sizes=\"auto, (max-width: 755px) 100vw, 755px\" \/><\/a>Tambi\u00e9n el intendente hizo referencia al n\u00famero uno, de los 21 km, nada m\u00e1s ni nada menos que hoy es nuestro campe\u00f3n nacional Juli\u00e1n Molina (de la ciudad de Rosario). Quien con much\u00edsimo sacrificio ha logrado llegar donde est\u00e1.<\/p>\n<p>\u201cHoy tambi\u00e9n nos acompa\u00f1a, quien gano los 21km el a\u00f1o pasado y hoy marco mejor tiempo, Juli\u00e1n Molina, campe\u00f3n argentino de media marat\u00f3n\u00a0 del 2018, y campe\u00f3n nacional de mil metros llanos de pista, y la semana pasada corri\u00f3 y logro campeonato argentino de cross\u00a0 country, esto nos enorgullece\u201d, dijo.<\/p>\n<p>Y como dirigente pol\u00edtico, Verdecchia expreso que, \u00a0\u201cel estado deber\u00eda de apoyar m\u00e1s a nuestros deportistas. Cuando uno habla de las competencias fuertes, y de quienes nos van a representar en otros pa\u00edses deber\u00eda de haber un sustento m\u00e1s fuerte del estado nacional\u201d.<\/p>\n<p>&nbsp;<\/p>\n","protected":false},"excerpt":{"rendered":"<p>\u201cNuevamente nos han superado las expectativas\u201d, expreso el intendente local Dr. Pablo Verdechia. Luego a\u00f1adi\u00f3: \u201cMas de 1700 personas han participado en las diferentes categor\u00edas. El d\u00eda de hoy hemos honrado a Delfo Cabrera con esta marat\u00f3n, tan propia de nuestra ciudad, que los ciudadanos lo viven \u00a0como una fiesta. Los vecinos desde sus casas <a href=\"https:\/\/armstrongyregion.com.ar\/diario\/superando-expectativas-se-concreto-la-17-maraton-delfo-cabrera\/\" title=\"Read more\" >&#8230;<\/a><\/p>\n","protected":false},"author":1,"featured_media":22527,"comment_status":"open","ping_status":"open","sticky":false,"template":"","format":"standard","meta":{"_jetpack_memberships_contains_paid_content":false,"footnotes":"","jetpack_publicize_message":"","jetpack_publicize_feature_enabled":true,"jetpack_social_post_already_shared":false,"jetpack_social_options":{"image_generator_settings":{"template":"highway","default_image_id":0,"enabled":false},"version":2}},"categories":[8,5,1,2,3],"tags":[8188],"class_list":["post-22526","post","type-post","status-publish","format-standard","has-post-thumbnail","hentry","category-deliberando","category-deportes","category-diario-armstrong","category-locales","category-region","tag-superando-expectativas-se-concreto-la-17-maraton-delfo-cabrera"],"jetpack_publicize_connections":[],"jetpack_featured_media_url":"https:\/\/armstrongyregion.com.ar\/diario\/wp-content\/uploads\/2019\/08\/Julian-Molina-.jpg","jetpack_shortlink":"https:\/\/wp.me\/p62QDO-5Rk","jetpack_sharing_enabled":true,"amp_enabled":true,"_links":{"self":[{"href":"https:\/\/armstrongyregion.com.ar\/diario\/wp-json\/wp\/v2\/posts\/22526","targetHints":{"allow":["GET"]}}],"collection":[{"href":"https:\/\/armstrongyregion.com.ar\/diario\/wp-json\/wp\/v2\/posts"}],"about":[{"href":"https:\/\/armstrongyregion.com.ar\/diario\/wp-json\/wp\/v2\/types\/post"}],"author":[{"embeddable":true,"href":"https:\/\/armstrongyregion.com.ar\/diario\/wp-json\/wp\/v2\/users\/1"}],"replies":[{"embeddable":true,"href":"https:\/\/armstrongyregion.com.ar\/diario\/wp-json\/wp\/v2\/comments?post=22526"}],"version-history":[{"count":0,"href":"https:\/\/armstrongyregion.com.ar\/diario\/wp-json\/wp\/v2\/posts\/22526\/revisions"}],"wp:featuredmedia":[{"embeddable":true,"href":"https:\/\/armstrongyregion.com.ar\/diario\/wp-json\/wp\/v2\/media\/22527"}],"wp:attachment":[{"href":"https:\/\/armstrongyregion.com.ar\/diario\/wp-json\/wp\/v2\/media?parent=22526"}],"wp:term":[{"taxonomy":"category","embeddable":true,"href":"https:\/\/armstrongyregion.com.ar\/diario\/wp-json\/wp\/v2\/categories?post=22526"},{"taxonomy":"post_tag","embeddable":true,"href":"https:\/\/armstrongyregion.com.ar\/diario\/wp-json\/wp\/v2\/tags?post=22526"}],"curies":[{"name":"wp","href":"https:\/\/api.w.org\/{rel}","templated":true}]}}