{"id":22522,"date":"2019-08-04T15:15:55","date_gmt":"2019-08-04T15:15:55","guid":{"rendered":"https:\/\/armstrongyregion.com.ar\/diario\/?p=22522"},"modified":"2019-08-04T15:15:55","modified_gmt":"2019-08-04T15:15:55","slug":"rasetto-destaco-la-jornada-regional-de-vaca-muerta","status":"publish","type":"post","link":"https:\/\/armstrongyregion.com.ar\/diario\/rasetto-destaco-la-jornada-regional-de-vaca-muerta\/","title":{"rendered":"Rasetto destac\u00f3 la Jornada Regional de Vaca Muerta."},"content":{"rendered":"<p><a href=\"http:\/\/armstrongyregion.com.ar\/diario\/wp-content\/uploads\/2019\/08\/20190802_144849.jpg\"><img loading=\"lazy\" decoding=\"async\" class=\"alignnone size-full wp-image-22523\" src=\"http:\/\/armstrongyregion.com.ar\/diario\/wp-content\/uploads\/2019\/08\/20190802_144849.jpg\" alt=\"20190802_144849\" width=\"768\" height=\"576\" srcset=\"https:\/\/armstrongyregion.com.ar\/diario\/wp-content\/uploads\/2019\/08\/20190802_144849.jpg 768w, https:\/\/armstrongyregion.com.ar\/diario\/wp-content\/uploads\/2019\/08\/20190802_144849-300x225.jpg 300w\" sizes=\"auto, (max-width: 768px) 100vw, 768px\" \/><\/a>Este viernes en el Teatro Verdi de la Ciudad Ca\u00f1ada de G\u00f3mez, se llev\u00f3 a cabo la jornada regional de Vaca Muerta, a la cual se inscribieron m\u00e1s de 320 personas.<\/p>\n<p>La Jornada se dividi\u00f3 en dos partes, primero fue el turno de los funcionarios Eduardo Wegman, director de Desarrollo de Proveedores, y Sergio Ducaroff, Subsecretario de Compre Argentino, quienes desarrollaron aspectos referidos a posibilidad de empresas locales de proveer productos y servicios en la regi\u00f3n de Vaca Muerta.<\/p>\n<p>M\u00e1s tarde, en dos paneles denominados \u201cAvances en la vinculaci\u00f3n de pymes santafesinas en Vaca Muerta, Experiencias exitosas\u201d fue el turno de las empresas Arsemet, de Armstrong, Acer\u00edas 4C, de Las Parejas, HyO Electricidad, de Ca\u00f1ada de G\u00f3mez y Bustinza Goma, de la localidad de Bustinza, quienes contaron a los asistentes, sus experiencias trabajando como proveedores en dicha zona.<br \/>\nEl Senador Hugo Jes\u00fas Rasetto, destac\u00f3 la jornada ya que \u201cse inscribieron m\u00e1s de 320 personas, representantes de un abanico de empresas muy amplio y las exposiciones sirvieron para despejar dudas sobre las posibilidades reales de la regi\u00f3n y de c\u00f3mo insertarse en la cadena de valor de Vaca Muerta\u201d. Adem\u00e1s, agradeci\u00f3 \u201ca los funcionarios Eduardo Wegman y Sergio Drucaroff, al Diputado Nacional Jos\u00e9 Nu\u00f1ez, al Centro Econ\u00f3mico de Ca\u00f1ada de G\u00f3mez, a los expositores locales, a los que colaboraron en la organizaci\u00f3n y especialmente a todos los asistentes al evento por hacer esta jornada posible.\u201d<\/p>\n","protected":false},"excerpt":{"rendered":"<p>Este viernes en el Teatro Verdi de la Ciudad Ca\u00f1ada de G\u00f3mez, se llev\u00f3 a cabo la jornada regional de Vaca Muerta, a la cual se inscribieron m\u00e1s de 320 personas. La Jornada se dividi\u00f3 en dos partes, primero fue el turno de los funcionarios Eduardo Wegman, director de Desarrollo de Proveedores, y Sergio Ducaroff, <a href=\"https:\/\/armstrongyregion.com.ar\/diario\/rasetto-destaco-la-jornada-regional-de-vaca-muerta\/\" title=\"Read more\" >&#8230;<\/a><\/p>\n","protected":false},"author":1,"featured_media":22523,"comment_status":"open","ping_status":"open","sticky":false,"template":"","format":"standard","meta":{"_jetpack_memberships_contains_paid_content":false,"footnotes":"","jetpack_publicize_message":"","jetpack_publicize_feature_enabled":true,"jetpack_social_post_already_shared":false,"jetpack_social_options":{"image_generator_settings":{"template":"highway","default_image_id":0,"enabled":false},"version":2}},"categories":[6,8,1,2,7,3],"tags":[8187],"class_list":["post-22522","post","type-post","status-publish","format-standard","has-post-thumbnail","hentry","category-cultura-entretenimiento","category-deliberando","category-diario-armstrong","category-locales","category-politica","category-region","tag-rasetto-destaco-la-jornada-regional-de-vaca-muerta"],"jetpack_publicize_connections":[],"jetpack_featured_media_url":"https:\/\/armstrongyregion.com.ar\/diario\/wp-content\/uploads\/2019\/08\/20190802_144849.jpg","jetpack_shortlink":"https:\/\/wp.me\/p62QDO-5Rg","jetpack_sharing_enabled":true,"amp_enabled":true,"_links":{"self":[{"href":"https:\/\/armstrongyregion.com.ar\/diario\/wp-json\/wp\/v2\/posts\/22522","targetHints":{"allow":["GET"]}}],"collection":[{"href":"https:\/\/armstrongyregion.com.ar\/diario\/wp-json\/wp\/v2\/posts"}],"about":[{"href":"https:\/\/armstrongyregion.com.ar\/diario\/wp-json\/wp\/v2\/types\/post"}],"author":[{"embeddable":true,"href":"https:\/\/armstrongyregion.com.ar\/diario\/wp-json\/wp\/v2\/users\/1"}],"replies":[{"embeddable":true,"href":"https:\/\/armstrongyregion.com.ar\/diario\/wp-json\/wp\/v2\/comments?post=22522"}],"version-history":[{"count":0,"href":"https:\/\/armstrongyregion.com.ar\/diario\/wp-json\/wp\/v2\/posts\/22522\/revisions"}],"wp:featuredmedia":[{"embeddable":true,"href":"https:\/\/armstrongyregion.com.ar\/diario\/wp-json\/wp\/v2\/media\/22523"}],"wp:attachment":[{"href":"https:\/\/armstrongyregion.com.ar\/diario\/wp-json\/wp\/v2\/media?parent=22522"}],"wp:term":[{"taxonomy":"category","embeddable":true,"href":"https:\/\/armstrongyregion.com.ar\/diario\/wp-json\/wp\/v2\/categories?post=22522"},{"taxonomy":"post_tag","embeddable":true,"href":"https:\/\/armstrongyregion.com.ar\/diario\/wp-json\/wp\/v2\/tags?post=22522"}],"curies":[{"name":"wp","href":"https:\/\/api.w.org\/{rel}","templated":true}]}}