{"id":22519,"date":"2019-08-04T15:05:46","date_gmt":"2019-08-04T15:05:46","guid":{"rendered":"https:\/\/armstrongyregion.com.ar\/diario\/?p=22519"},"modified":"2019-08-04T15:05:46","modified_gmt":"2019-08-04T15:05:46","slug":"estevez-macri-y-los-k-discriminaron-por-igual-a-santa-fe","status":"publish","type":"post","link":"https:\/\/armstrongyregion.com.ar\/diario\/estevez-macri-y-los-k-discriminaron-por-igual-a-santa-fe\/","title":{"rendered":"Est\u00e9vez: \u00abMacri y los K discriminaron por igual a Santa Fe\u00bb."},"content":{"rendered":"<p><a href=\"http:\/\/armstrongyregion.com.ar\/diario\/wp-content\/uploads\/2019\/08\/Estevez-.jpg\"><img loading=\"lazy\" decoding=\"async\" class=\"alignnone size-full wp-image-22520\" src=\"http:\/\/armstrongyregion.com.ar\/diario\/wp-content\/uploads\/2019\/08\/Estevez-.jpg\" alt=\"Estevez-\" width=\"768\" height=\"551\" srcset=\"https:\/\/armstrongyregion.com.ar\/diario\/wp-content\/uploads\/2019\/08\/Estevez-.jpg 768w, https:\/\/armstrongyregion.com.ar\/diario\/wp-content\/uploads\/2019\/08\/Estevez--300x215.jpg 300w\" sizes=\"auto, (max-width: 768px) 100vw, 768px\" \/><\/a>Enrique Est\u00e9vez carga con la responsabilidad de devolverle al Frente Progresista presencia en la C\u00e1mara de Diputados, y de aupar la candidatura presidencial de Roberto Lavagna. No la tiene f\u00e1cil, en un escenario cargado de polarizaci\u00f3n. Pero se tiene fe.<\/p>\n<p align=\"justify\">\u201cEl macrismo y el kirchnerismo discriminaron por igual a la provincia\u201d, asesta el primer candidato a diputado nacional por Consenso Federal. Est\u00e9vez considera que hay un 40 por ciento de la sociedad que no se quiere involucrar ni con el Frente de Todos ni con Juntos por el Cambio. \u201cSanta Fe hace un aporte anual a la Naci\u00f3n de noventa mil millones de pesos, solamente en impuestos a las exportaciones. Y no vuelve un peso\u201d, grafica el hijo de Guillermo Est\u00e9vez Boero fundador del Partido Socialista Popular.<\/p>\n<p><strong>\u2014\u00bfSanta Fe puede resultar una excepci\u00f3n respecto de la polarizaci\u00f3n entre el macrismo y el peronismo? \u00bfEl hecho de que gobierne el Frente Progresista puede permitir la aparici\u00f3n de Consenso Federal como alternativa?<\/strong><\/p>\n<p align=\"justify\">\u2014Santa Fe necesita un gobierno nacional que no lo discrimine. Y el kirchnerismo y el macrismo discriminaron por igual a la provincia. El kirchnerismo gener\u00f3 una deuda que hoy ronda los cien mil millones de pesos, el macrismo ni siquiera hizo una propuesta de cargo y ninguno de los dos se hizo cargo de las obras nacionales. El gobierno nacional ni siquiera termin\u00f3 las refacciones en el Monumento Nacional a la Bandera. Es muy importante que Santa Fe le env\u00ede un mensaje: necesitamos un gobierno nacional diferente. Y la posibilidad de tener un gobierno nacional diferente es con Roberto Lavagna.<\/p>\n<p><strong>\u2014\u00bfY la gente busca una alternativa diferente?<\/strong><\/p>\n<p align=\"justify\">\u2014Palpo que hay un 40 por ciento que no se siente identificado ni con e macrismo ni con el kirchnerismo, independientemente de que voten en un ballottage, por miedo al otro. Ese 40% no tiene expectativas en que un gobierno de Fern\u00e1ndez o de Macri pueda resolver los problemas. Eso es lo peor de la grieta: la falta de expectativas respecto de un futuro diferente. Los problemas de hoy fueron generados por el macrismo y el kirchnerismo, son las dos caras de una misma moneda.<\/p>\n<p><strong>\u2014\u00bfNo hay m\u00e1s federalismo ahora, con el gobierno de Macri, que con el de Cristina? Ganaron casi todos los oficialismos en las provincias.<\/strong><\/p>\n<p align=\"justify\">\u2014La provincia de Santa Fe hace un aporte anual de noventa mil millones de pesos, solamente en impuestos a las exportaciones. Y de ese dinero no vuelve un peso a la provincia. Ejemplo: Ruta 11. No hicieron nada de lo que prometieron. Entonces, transitar en alguna de las rutas nacionales en Santa Fe es jugar a la ruleta rusa. Esa discriminaci\u00f3n se observa todos los d\u00edas. A Santa Fe la abandonaron a su suerte en t\u00e9rminos de seguridad p\u00fablica.<\/p>\n<p><strong>\u2014\u00bfEl gobierno nacional abandon\u00f3 a su suerte a Santa Fe?<\/strong><\/p>\n<p align=\"justify\">\u2014Absolutamente. Los dos. El kirchnerismo y el macrismo hacen pol\u00edtica con la inseguridad y no hacen lo que tienen que hacer: aprobar una ley de decomiso para los delitos federales, que es uno de los principales flagelos. Ni el macrismo ni el kirchnerismo pueden proponer una Argentina diferente.<\/p>\n<p><strong>\u2014\u00bfMensura que puede haber corte de boleta importante en la provincia de Santa Fe? Di Pollina dijo que no votar\u00e1 a Lavagna pero s\u00ed a usted y, desde el peronismo, les est\u00e1n reclamando un voto \u00fatil a favor de Fern\u00e1ndez?<\/strong><\/p>\n<p align=\"justify\">\u2014Santa Fe necesita diputados nacionales que defiendan a Santa Fe, y no que vayan a Buenos Aires a meterse adentro de la grieta. Cada vez que haya un debate los diputados santafesinos tenemos que pelear por nuestra provincia. Los diputados nacionales actuales quedaron inmersos en ese monstruo de dos cabezas que es la grieta entre el macrismo y el kirchnerismo.<\/p>\n<p><strong>\u2014\u00bfQu\u00e9 pasa con la deuda que Naci\u00f3n mantiene con Santa Fe?<\/strong><\/p>\n<p align=\"justify\">\u2014La propuesta de pago nunca lleg\u00f3. El monto de cien mil millones de pesos equivale a 75 mil viviendas, m\u00e1s de tres mil kil\u00f3metros de rutas nuevas. Lo primero que tienen que hacer es pagar esa deuda, que se gener\u00f3 durante el gobierno de Cristina. El gobierno nacional actual nunca dio respuesta. La deuda es de dinero, y los santafesinos decidiremos en qu\u00e9 lo invertimos.<\/p>\n<p><strong>\u2014La resoluci\u00f3n, dicen algunos, es inminente. Y le vendr\u00eda muy bien al gobierno de Perotti.<\/strong><\/p>\n<p align=\"justify\">\u2014S\u00ed, claro. Esperemos trabajar con Perotti para reclamarle al pr\u00f3ximo gobierno nacional esta deuda que corresponde. Me llama la atenci\u00f3n que Alberto Fern\u00e1ndez diga que la va a pagar cuando son los mismos que la originaron. Corresponde que se le devuelva el dinero a Santa Fe.<\/p>\n<p><strong>\u2014\u00bfCu\u00e1l es su expectativa de fondo de cara a las Paso del domingo pr\u00f3ximo?<\/strong><\/p>\n<p align=\"justify\">\u2014Darle un mensaje al kirchnerismo y al macrismo de que necesitamos un gobierno distinto, de consenso, que garantice acuerdos, honesto, transparente, que nos posibilite salir del momento en que estamos. Lavagna es el mejor piloto de tormentas para este momento. Es honesto, tiene sapiencia para manejar la econom\u00eda, negoci\u00f3 una deuda externa pensando en los argentinos y argentinas, no en los intereses del FMI. Lavagna es una persona que se fue del gobierno de N\u00e9stor Kirchner denunciando la corrupci\u00f3n.<\/p>\n<p><strong>\u2014\u00bfTras la derrota en la provincia, se viene una nueva etapa en el socialismo?<\/strong><\/p>\n<p align=\"justify\">\u2014Se viene una din\u00e1mica pol\u00edtica distinta en el progresismo santafesino. El 75% de los santafesinos vive en localidades gobernadas por el Frente Progresista. Hay que ensanchar la base de sustentaci\u00f3n del Frente, volver a generar \u00e1mbitos de participaci\u00f3n. Vamos a colaborar en lo que sea positivo del gobierno de Perotti.<\/p>\n<p><strong>\u2014\u00bfQu\u00e9 es lo primero para hacer desde una banca?<\/strong><\/p>\n<p align=\"justify\">\u2014El tema de la deuda por coparticipaci\u00f3n es fundamental. Esos cien mil millones permiten una planificaci\u00f3n muy importante hacia futuro. Tambi\u00e9n trabajar por las tarifas, que est\u00e1n ahorcando a las pymes, a los clubes, y reclamar por las obras que el Estado nacional tiene que hacer en Santa Fe. Pelear para que haya una mayor presencia de fuerzas federales, nuevos juzgados federales.<\/p>\n<p align=\"justify\"><strong>\u2014\u00bfVa unido el socialismo detr\u00e1s de Lavagna-Urtubey, al margen de lo que dijo Di Pollina?<\/strong><\/p>\n<p align=\"justify\">\u2014Siempre hay distintas miradas en una coalici\u00f3n pol\u00edtica, el desaf\u00edo es trabajar en las coincidencia. Y la principal coincidencia es superar este enfrentamiento entre el kirchnerismo y el macrismo, que le hace mal a la Naci\u00f3n. Ellos se pelean y rifan el futuro del pa\u00eds.<\/p>\n<p align=\"justify\">Por\u00a0<strong><a href=\"https:\/\/www.lacapital.com.ar\/politica\/estevez-macri-y-los-k-discriminaron-igual-santa-fe-n2517632.html\">Mauricio Maronna<\/a>.<\/strong><\/p>\n","protected":false},"excerpt":{"rendered":"<p>Enrique Est\u00e9vez carga con la responsabilidad de devolverle al Frente Progresista presencia en la C\u00e1mara de Diputados, y de aupar la candidatura presidencial de Roberto Lavagna. No la tiene f\u00e1cil, en un escenario cargado de polarizaci\u00f3n. Pero se tiene fe. \u201cEl macrismo y el kirchnerismo discriminaron por igual a la provincia\u201d, asesta el primer candidato <a href=\"https:\/\/armstrongyregion.com.ar\/diario\/estevez-macri-y-los-k-discriminaron-por-igual-a-santa-fe\/\" title=\"Read more\" >&#8230;<\/a><\/p>\n","protected":false},"author":1,"featured_media":22520,"comment_status":"open","ping_status":"open","sticky":false,"template":"","format":"standard","meta":{"_jetpack_memberships_contains_paid_content":false,"footnotes":"","jetpack_publicize_message":"","jetpack_publicize_feature_enabled":true,"jetpack_social_post_already_shared":false,"jetpack_social_options":{"image_generator_settings":{"template":"highway","default_image_id":0,"enabled":false},"version":2}},"categories":[1,7,3],"tags":[8186],"class_list":["post-22519","post","type-post","status-publish","format-standard","has-post-thumbnail","hentry","category-diario-armstrong","category-politica","category-region","tag-estevez-macri-y-los-k-discriminaron-por-igual-a-santa-fe"],"jetpack_publicize_connections":[],"jetpack_featured_media_url":"https:\/\/armstrongyregion.com.ar\/diario\/wp-content\/uploads\/2019\/08\/Estevez-.jpg","jetpack_shortlink":"https:\/\/wp.me\/p62QDO-5Rd","jetpack_sharing_enabled":true,"amp_enabled":true,"_links":{"self":[{"href":"https:\/\/armstrongyregion.com.ar\/diario\/wp-json\/wp\/v2\/posts\/22519","targetHints":{"allow":["GET"]}}],"collection":[{"href":"https:\/\/armstrongyregion.com.ar\/diario\/wp-json\/wp\/v2\/posts"}],"about":[{"href":"https:\/\/armstrongyregion.com.ar\/diario\/wp-json\/wp\/v2\/types\/post"}],"author":[{"embeddable":true,"href":"https:\/\/armstrongyregion.com.ar\/diario\/wp-json\/wp\/v2\/users\/1"}],"replies":[{"embeddable":true,"href":"https:\/\/armstrongyregion.com.ar\/diario\/wp-json\/wp\/v2\/comments?post=22519"}],"version-history":[{"count":0,"href":"https:\/\/armstrongyregion.com.ar\/diario\/wp-json\/wp\/v2\/posts\/22519\/revisions"}],"wp:featuredmedia":[{"embeddable":true,"href":"https:\/\/armstrongyregion.com.ar\/diario\/wp-json\/wp\/v2\/media\/22520"}],"wp:attachment":[{"href":"https:\/\/armstrongyregion.com.ar\/diario\/wp-json\/wp\/v2\/media?parent=22519"}],"wp:term":[{"taxonomy":"category","embeddable":true,"href":"https:\/\/armstrongyregion.com.ar\/diario\/wp-json\/wp\/v2\/categories?post=22519"},{"taxonomy":"post_tag","embeddable":true,"href":"https:\/\/armstrongyregion.com.ar\/diario\/wp-json\/wp\/v2\/tags?post=22519"}],"curies":[{"name":"wp","href":"https:\/\/api.w.org\/{rel}","templated":true}]}}