{"id":22476,"date":"2019-07-31T13:34:11","date_gmt":"2019-07-31T13:34:11","guid":{"rendered":"https:\/\/armstrongyregion.com.ar\/diario\/?p=22476"},"modified":"2019-07-31T13:34:11","modified_gmt":"2019-07-31T13:34:11","slug":"lifschitz-participo-del-80-aniversario-del-club-atletico-deportivo-norte","status":"publish","type":"post","link":"https:\/\/armstrongyregion.com.ar\/diario\/lifschitz-participo-del-80-aniversario-del-club-atletico-deportivo-norte\/","title":{"rendered":"Lifschitz participo del 80\u00b0 Aniversario del Club Atl\u00e9tico Deportivo Norte."},"content":{"rendered":"<p><a href=\"http:\/\/armstrongyregion.com.ar\/diario\/wp-content\/uploads\/2019\/07\/2019-07-31NID_266013O_1.jpeg\"><img loading=\"lazy\" decoding=\"async\" class=\"alignnone size-full wp-image-22477\" src=\"http:\/\/armstrongyregion.com.ar\/diario\/wp-content\/uploads\/2019\/07\/2019-07-31NID_266013O_1.jpeg\" alt=\"2019-07-31NID_266013O_1\" width=\"768\" height=\"431\" srcset=\"https:\/\/armstrongyregion.com.ar\/diario\/wp-content\/uploads\/2019\/07\/2019-07-31NID_266013O_1.jpeg 768w, https:\/\/armstrongyregion.com.ar\/diario\/wp-content\/uploads\/2019\/07\/2019-07-31NID_266013O_1-300x168.jpeg 300w\" sizes=\"auto, (max-width: 768px) 100vw, 768px\" \/><\/a>Tambi\u00e9n qued\u00f3 inaugurada la renovaci\u00f3n de la fachada, obra que se realiz\u00f3 con el aporte de los gobiernos provincial y\u00a0 local, y de privados.<\/p>\n<p>El gobernador Miguel Lifschitz particip\u00f3 este martes de la celebraci\u00f3n por el 80\u00b0 aniversario del Club Atl\u00e9tico Deportivo Norte de nuestra ciudad, donde tambi\u00e9n qued\u00f3 inaugurada la renovaci\u00f3n de la fachada, obra que se realiz\u00f3 con el aporte de los gobiernos provincial y local, y de privados.<\/p>\n<p>\u201cEs un privilegio compartir un acto tan importante para esta instituci\u00f3n y para la ciudad. Armstrong es una localidad muy pujante y fuertemente industrial que se destaca en la provincia y evidentemente esa impronta, esa capacidad emprendedora de los habitantes tambi\u00e9n se traslada a las instituciones\u201d, asegur\u00f3 Lifschitz.<\/p>\n<p>\u201cAdem\u00e1s de su trayectoria de 80 a\u00f1os, de \u00e9xitos deportivos, de avances y de progreso, como casi todas las instituciones, le ha tocado atravesar \u00e9pocas dif\u00edciles pero se ha recuperado y exhibe una instituci\u00f3n vigorosa, con una gran cantidad de socios y de disciplinas deportivas con \u00e9xitos importantes y un papel protag\u00f3nico en muchos deportes a nivel regional, provincial y tambi\u00e9n nacional\u201d, subray\u00f3 el gobernador.<\/p>\n<p>\u201cEl Club Atl\u00e9tico Deportivo Norte es una instituci\u00f3n muy prestigiosa y con mucha historia en la provincia. Va mi reconocimiento a toda la gente que ha trabajado y trabaja actualmente, porque si no fuera por la labor de este tipo de instituciones deportivas no podr\u00edamos contener a nuestros j\u00f3venes, a los ni\u00f1os y a las familias e introducirlas a la pr\u00e1ctica de los deportes\u201d, resalt\u00f3.<\/p>\n<p>\u201cEn la provincia tenemos 1400 instituciones sociales y deportivas que cumplen un rol fundamental y contribuyen a consolidar la pir\u00e1mide deportiva que tiene Santa Fe, donde tenemos atletas y deportistas de alto rendimiento muy destacados en el mundo, en todos los deportes\u00bb.<\/p>\n<p>Lifschitz remarc\u00f3 tambi\u00e9n el trabajo realizado por el gobierno provincial en torno al deporte: \u201cHemos llevado adelante una pol\u00edtica de acompa\u00f1amiento permanente a todas las instituciones, con recursos en muchos casos para poder hacer obras o mejorar las instalaciones o para trasladarse y viajar a competencias nacionales o internacionales, y tambi\u00e9n hemos realizado trabajo asociativo, colaborativo y cooperativo para promover en conjunto el deporte en toda la provincia\u201d.<\/p>\n<p>\u201cNos sentimos muy honrados de haber colaborado con un peque\u00f1o aporte para mejorar la fachada del club y al mismo tiempo nos sentimos honrados del trabajo en conjunto que hemos podido realizar en estos a\u00f1os y de ser parte de una provincia que tiene en el deporte una de sus actividades m\u00e1s importantes que nos da presencia y relevancia en el pa\u00eds y en el mundo a trav\u00e9s de nuestros deportistas e instituciones\u201d, a\u00f1adi\u00f3 el gobernador.<\/p>\n<p><strong>PRESENTES<\/strong><br \/>\nEn el acto, que se realiz\u00f3 en la sede principal de la instituci\u00f3n ubicada en Fischer 860, tambi\u00e9n estuvieron el senador del departamento Belgrano, Guillermo Cornaglia; los diputados provinciales Clara Garc\u00eda y Miguel Sol\u00eds;\u00a0 el intendente de Armstrong Pablo Verdecchia, y\u00a0el intendente de Santa Fe Jose Corral entre otras autoridades.<\/p>\n<p>&nbsp;<\/p>\n","protected":false},"excerpt":{"rendered":"<p>Tambi\u00e9n qued\u00f3 inaugurada la renovaci\u00f3n de la fachada, obra que se realiz\u00f3 con el aporte de los gobiernos provincial y\u00a0 local, y de privados. El gobernador Miguel Lifschitz particip\u00f3 este martes de la celebraci\u00f3n por el 80\u00b0 aniversario del Club Atl\u00e9tico Deportivo Norte de nuestra ciudad, donde tambi\u00e9n qued\u00f3 inaugurada la renovaci\u00f3n de la fachada, <a href=\"https:\/\/armstrongyregion.com.ar\/diario\/lifschitz-participo-del-80-aniversario-del-club-atletico-deportivo-norte\/\" title=\"Read more\" >&#8230;<\/a><\/p>\n","protected":false},"author":1,"featured_media":22477,"comment_status":"open","ping_status":"open","sticky":false,"template":"","format":"standard","meta":{"_jetpack_memberships_contains_paid_content":false,"footnotes":"","jetpack_publicize_message":"","jetpack_publicize_feature_enabled":true,"jetpack_social_post_already_shared":false,"jetpack_social_options":{"image_generator_settings":{"template":"highway","default_image_id":0,"enabled":false},"version":2}},"categories":[6,8,5,1,2,7,4,3],"tags":[],"class_list":["post-22476","post","type-post","status-publish","format-standard","has-post-thumbnail","hentry","category-cultura-entretenimiento","category-deliberando","category-deportes","category-diario-armstrong","category-locales","category-politica","category-prevencion-salud","category-region"],"jetpack_publicize_connections":[],"jetpack_featured_media_url":"https:\/\/armstrongyregion.com.ar\/diario\/wp-content\/uploads\/2019\/07\/2019-07-31NID_266013O_1.jpeg","jetpack_shortlink":"https:\/\/wp.me\/p62QDO-5Qw","jetpack_sharing_enabled":true,"amp_enabled":true,"_links":{"self":[{"href":"https:\/\/armstrongyregion.com.ar\/diario\/wp-json\/wp\/v2\/posts\/22476","targetHints":{"allow":["GET"]}}],"collection":[{"href":"https:\/\/armstrongyregion.com.ar\/diario\/wp-json\/wp\/v2\/posts"}],"about":[{"href":"https:\/\/armstrongyregion.com.ar\/diario\/wp-json\/wp\/v2\/types\/post"}],"author":[{"embeddable":true,"href":"https:\/\/armstrongyregion.com.ar\/diario\/wp-json\/wp\/v2\/users\/1"}],"replies":[{"embeddable":true,"href":"https:\/\/armstrongyregion.com.ar\/diario\/wp-json\/wp\/v2\/comments?post=22476"}],"version-history":[{"count":0,"href":"https:\/\/armstrongyregion.com.ar\/diario\/wp-json\/wp\/v2\/posts\/22476\/revisions"}],"wp:featuredmedia":[{"embeddable":true,"href":"https:\/\/armstrongyregion.com.ar\/diario\/wp-json\/wp\/v2\/media\/22477"}],"wp:attachment":[{"href":"https:\/\/armstrongyregion.com.ar\/diario\/wp-json\/wp\/v2\/media?parent=22476"}],"wp:term":[{"taxonomy":"category","embeddable":true,"href":"https:\/\/armstrongyregion.com.ar\/diario\/wp-json\/wp\/v2\/categories?post=22476"},{"taxonomy":"post_tag","embeddable":true,"href":"https:\/\/armstrongyregion.com.ar\/diario\/wp-json\/wp\/v2\/tags?post=22476"}],"curies":[{"name":"wp","href":"https:\/\/api.w.org\/{rel}","templated":true}]}}