{"id":22454,"date":"2019-07-30T12:37:14","date_gmt":"2019-07-30T12:37:14","guid":{"rendered":"https:\/\/armstrongyregion.com.ar\/diario\/?p=22454"},"modified":"2019-07-30T12:37:14","modified_gmt":"2019-07-30T12:37:14","slug":"la-provincia-abrio-dos-convocatorias-para-el-financiamiento-de-pymes","status":"publish","type":"post","link":"https:\/\/armstrongyregion.com.ar\/diario\/la-provincia-abrio-dos-convocatorias-para-el-financiamiento-de-pymes\/","title":{"rendered":"La provincia abri\u00f3 dos convocatorias para el financiamiento de Pymes."},"content":{"rendered":"<p><a href=\"http:\/\/armstrongyregion.com.ar\/diario\/wp-content\/uploads\/2019\/07\/2019-06-18NID_265770O_1.jpeg\"><img loading=\"lazy\" decoding=\"async\" class=\"alignnone size-full wp-image-22455\" src=\"http:\/\/armstrongyregion.com.ar\/diario\/wp-content\/uploads\/2019\/07\/2019-06-18NID_265770O_1.jpeg\" alt=\"2019-06-18NID_265770O_1\" width=\"768\" height=\"431\" srcset=\"https:\/\/armstrongyregion.com.ar\/diario\/wp-content\/uploads\/2019\/07\/2019-06-18NID_265770O_1.jpeg 768w, https:\/\/armstrongyregion.com.ar\/diario\/wp-content\/uploads\/2019\/07\/2019-06-18NID_265770O_1-300x168.jpeg 300w\" sizes=\"auto, (max-width: 768px) 100vw, 768px\" \/><\/a>Se trata de \u201cInnovaci\u00f3n productiva\u201d e \u201cInvestigaci\u00f3n aplicada en pymes\u201d, destinadas a apoyar la innovaci\u00f3n en empresas. Las convocatorias estar\u00e1n abiertas hasta agosto.<\/p>\n<p>El Ministerio de Ciencia, Tecnolog\u00eda e Innovaci\u00f3n Productiva, a trav\u00e9s de la Agencia Santafesina de Ciencia, Tecnolog\u00eda e Innovaci\u00f3n (Asactei), abri\u00f3 dos convocatorias para el financiamiento de empresas.<\/p>\n<p>La primera es la l\u00ednea \u201cInnovaci\u00f3n productiva 2019\u201d y la segunda es \u201cInvestigaci\u00f3n aplicada en pymes 2019\u201d, ambas destinadas a emprendedores y empresas con radicaci\u00f3n en la provincia de Santa Fe que demuestren capacidad para innovar y visi\u00f3n estrat\u00e9gica en las soluciones tecnol\u00f3gicas a implementar.<\/p>\n<p>\u201cSin duda las empresas santafesinas son innovadoras. Cuando no pueden innovar, muchas veces se debe a que no cuentan con el apoyo econ\u00f3mico o se les dificulta hallar a las personas que los puedan acompa\u00f1ar en estos desarrollos en el sistema cient\u00edfico y tecnol\u00f3gico\u00bb, indic\u00f3 la ministra de Ciencia Tecnolog\u00eda e Innovaci\u00f3n Productiva, Erica Hynes.<\/p>\n<p>\u00abEl Ministerio de Ciencia, Tecnolog\u00eda e Innovaci\u00f3n Productiva ya hace m\u00e1s de 11 a\u00f1os que viene a solucionar esos problemas, por un lado aportando recursos econ\u00f3micos para realizar estudios previos o directamente innovaciones ya aplicadas en las pymes santafesinas y, por otro lado, enlazar el sistema productivo y de creaci\u00f3n de conocimientos. En ambos roles tenemos instrumentos y acompa\u00f1amos a las empresas, en este caso con estas dos convocatorias espec\u00edficas que se encuentran abiertas\u201d.<\/p>\n<p>\u201cEs muy importante que las empresa conozcan estas convocatorias, que las asociaciones para el desarrollo, las c\u00e1maras empresarias y los parques y polos hagan circular esta novedad, sean embajadores ante las pymes y nos ayuden a comunicarlas para que m\u00e1s empresas puedan presentarse\u201d, concluy\u00f3.<\/p>\n<p>Ambas convocatorias permanecer\u00e1n abiertas hasta el mes de agosto.<\/p>\n<p><strong>APOYAR LA INNOVACI\u00d3N<\/strong><br \/>\n&lt;&lt; \u201cInnovaci\u00f3n productiva\u201d: la convocatoria busca apoyar a proyectos de innovaci\u00f3n tecnol\u00f3gica dirigidos al desarrollo de nuevos productos y procesos productivos, o la mejora de los existentes.<\/p>\n<p>Para ello se otorgar\u00e1n Aportes No Reintegrables (ANR) por un monto de entre $ 750.000 y $ 2.750.000 por proyecto; el aporte no podr\u00e1 ser mayor al 75% del costo total del proyecto.<\/p>\n<p>La fecha l\u00edmite para enviar las presentaciones a la plataforma online es el 9 de agosto y en formato papel, el 15 de agosto hasta las 12 horas.<\/p>\n<p>&lt;&lt; \u201cInvestigaci\u00f3n aplicada en pymes\u201d: el objetivo es fortalecer las capacidades competitivas de las empresas de la provincia de Santa Fe a trav\u00e9s del incentivo para la realizaci\u00f3n de proyectos de mejora productiva, desarrollo e innovaci\u00f3n tecnol\u00f3gica.<\/p>\n<p>Los emprendedores y las empresas deber\u00e1n contar con la asistencia excluyente de uno o m\u00e1s expertos o investigadores externos en la disciplina, t\u00e9cnica o tecnolog\u00eda sobre la cual se base dicho proyecto. Los beneficiarios deber\u00e1n, adem\u00e1s, satisfacer la condici\u00f3n de pyme y estar inscriptos en la Administraci\u00f3n Federal de Ingresos P\u00fablicos (AFIP), bajo la modalidad de Monotributo o Responsable Inscripto.<\/p>\n<p>En este caso se otorgar\u00e1n aportes no reintegrables de hasta $ 390.000 por proyecto para la modalidad \u201cA\u201d y de hasta $ 450.000 para la modalidad \u201cB\u201d. Los beneficiaros deber\u00e1n aportar, como contrapartida, al menos el 20% del presupuesto total del proyecto.<\/p>\n<p>El cierre de la presentaci\u00f3n online es el 9 de agosto y, en formato papel, el 15 de agosto hasta las 12 horas.<\/p>\n<p>Para m\u00e1s informaci\u00f3n y para conocer las bases y condiciones, visitar la\u00a0<strong><a href=\"https:\/\/www.santafe.gob.ar\/index.php\/web\/content\/view\/full\/93773\" target=\"_blank\">web del Ministerio<\/a><\/strong>.<\/p>\n","protected":false},"excerpt":{"rendered":"<p>Se trata de \u201cInnovaci\u00f3n productiva\u201d e \u201cInvestigaci\u00f3n aplicada en pymes\u201d, destinadas a apoyar la innovaci\u00f3n en empresas. Las convocatorias estar\u00e1n abiertas hasta agosto. El Ministerio de Ciencia, Tecnolog\u00eda e Innovaci\u00f3n Productiva, a trav\u00e9s de la Agencia Santafesina de Ciencia, Tecnolog\u00eda e Innovaci\u00f3n (Asactei), abri\u00f3 dos convocatorias para el financiamiento de empresas. La primera es la <a href=\"https:\/\/armstrongyregion.com.ar\/diario\/la-provincia-abrio-dos-convocatorias-para-el-financiamiento-de-pymes\/\" title=\"Read more\" >&#8230;<\/a><\/p>\n","protected":false},"author":1,"featured_media":22455,"comment_status":"open","ping_status":"open","sticky":false,"template":"","format":"standard","meta":{"_jetpack_memberships_contains_paid_content":false,"footnotes":"","jetpack_publicize_message":"","jetpack_publicize_feature_enabled":true,"jetpack_social_post_already_shared":false,"jetpack_social_options":{"image_generator_settings":{"template":"highway","default_image_id":0,"enabled":false},"version":2}},"categories":[8,1,2,7,3],"tags":[8169],"class_list":["post-22454","post","type-post","status-publish","format-standard","has-post-thumbnail","hentry","category-deliberando","category-diario-armstrong","category-locales","category-politica","category-region","tag-la-provincia-abrio-dos-convocatorias-para-el-financiamiento-de-pymes"],"jetpack_publicize_connections":[],"jetpack_featured_media_url":"https:\/\/armstrongyregion.com.ar\/diario\/wp-content\/uploads\/2019\/07\/2019-06-18NID_265770O_1.jpeg","jetpack_shortlink":"https:\/\/wp.me\/p62QDO-5Qa","jetpack_sharing_enabled":true,"amp_enabled":true,"_links":{"self":[{"href":"https:\/\/armstrongyregion.com.ar\/diario\/wp-json\/wp\/v2\/posts\/22454","targetHints":{"allow":["GET"]}}],"collection":[{"href":"https:\/\/armstrongyregion.com.ar\/diario\/wp-json\/wp\/v2\/posts"}],"about":[{"href":"https:\/\/armstrongyregion.com.ar\/diario\/wp-json\/wp\/v2\/types\/post"}],"author":[{"embeddable":true,"href":"https:\/\/armstrongyregion.com.ar\/diario\/wp-json\/wp\/v2\/users\/1"}],"replies":[{"embeddable":true,"href":"https:\/\/armstrongyregion.com.ar\/diario\/wp-json\/wp\/v2\/comments?post=22454"}],"version-history":[{"count":0,"href":"https:\/\/armstrongyregion.com.ar\/diario\/wp-json\/wp\/v2\/posts\/22454\/revisions"}],"wp:featuredmedia":[{"embeddable":true,"href":"https:\/\/armstrongyregion.com.ar\/diario\/wp-json\/wp\/v2\/media\/22455"}],"wp:attachment":[{"href":"https:\/\/armstrongyregion.com.ar\/diario\/wp-json\/wp\/v2\/media?parent=22454"}],"wp:term":[{"taxonomy":"category","embeddable":true,"href":"https:\/\/armstrongyregion.com.ar\/diario\/wp-json\/wp\/v2\/categories?post=22454"},{"taxonomy":"post_tag","embeddable":true,"href":"https:\/\/armstrongyregion.com.ar\/diario\/wp-json\/wp\/v2\/tags?post=22454"}],"curies":[{"name":"wp","href":"https:\/\/api.w.org\/{rel}","templated":true}]}}