{"id":2245,"date":"2015-05-20T12:06:01","date_gmt":"2015-05-20T12:06:01","guid":{"rendered":"https:\/\/armstrongyregion.com.ar\/diario\/?p=2245"},"modified":"2015-05-20T12:06:01","modified_gmt":"2015-05-20T12:06:01","slug":"hector-cavallero-nuestro-planteo-es-totalmente-diferente-al-del-frente-progresista","status":"publish","type":"post","link":"https:\/\/armstrongyregion.com.ar\/diario\/hector-cavallero-nuestro-planteo-es-totalmente-diferente-al-del-frente-progresista\/","title":{"rendered":"H\u00e9ctor Cavallero: \u201cNuestro planteo es totalmente diferente al del Frente Progresista\u00bb."},"content":{"rendered":"<p><a href=\"http:\/\/armstrongyregion.com.ar\/diario\/wp-content\/uploads\/2015\/05\/11329740_10205675818968542_4728476931267778224_n1.jpg\"><img loading=\"lazy\" decoding=\"async\" src=\"http:\/\/armstrongyregion.com.ar\/diario\/wp-content\/uploads\/2015\/05\/11329740_10205675818968542_4728476931267778224_n1-300x225.jpg\" alt=\"Hector Caballero\" width=\"300\" height=\"225\" class=\"alignnone size-medium wp-image-2247\" srcset=\"https:\/\/armstrongyregion.com.ar\/diario\/wp-content\/uploads\/2015\/05\/11329740_10205675818968542_4728476931267778224_n1-300x225.jpg 300w, https:\/\/armstrongyregion.com.ar\/diario\/wp-content\/uploads\/2015\/05\/11329740_10205675818968542_4728476931267778224_n1.jpg 960w\" sizes=\"auto, (max-width: 300px) 100vw, 300px\" \/><\/a>El concejal rosarino y candidato a diputado provincial por el Frente Justicialista Para la Victoria, H\u00e9ctor Cavallero particip\u00f3 en nuestra ciudad del acto de apoyo al candidato a senador Guillermo Cornaglia donde participaron referentes justicialistas  del departamento Belgrano, y dej\u00f3  estas consideraciones.<br \/>\n\u201cVengo a dar mi apoyo porque creo que como hombre de la democracia que  una vez que se producen las elecciones para elegir los candidatos, Guillermo Cornaglia ha ganado dentro del espacio pol\u00edtico que hemos compartido por ello venimos a traerle el aval, el sost\u00e9n para que todo el departamento se encolumne detr\u00e1s de su candidatura.\u201d<br \/>\nTambi\u00e9n el \u201cTigre\u201d, dijo: \u201cSignifica una renovaci\u00f3n bastante importante y necesaria para la democracia.\u201d<br \/>\nCon respecto a su triunfo manifest\u00f3: \u201cNos fue bien, nosotros inclusive salimos segundos, de todas maneras hay que seguir trabajando porque nuestro objetivo es b\u00e1sicamente que Omar Perotti y Alejandro Ramos, lleguen a la gobernaci\u00f3n, porque nos parece que hace falta un cambio de modelo.\u201d<br \/>\n\u201cEste modelo que el Frente Progresista tiene, es muy centralizado, los nodos no han descentralizados nada \u2013 agreg\u00f3 Cavallero \u2013 lo \u00fanico que hacen es intermediar entre quien gestiona y quien decide, es decir le han agregado un eslab\u00f3n m\u00e1s en la cadena burocr\u00e1tica.\u201d<br \/>\nM\u00e1s adelante Cavallero afirm\u00f3: \u201cNosotros hacemos un planteo totalmente distinto, es decir al rev\u00e9s, descentralizado en los municipios y comunas para que ellos implementen las pol\u00edticas que hoy se pretenden llevar adelante desde un ministerio en forma totalmente burocr\u00e1tica.\u201d<\/p>\n","protected":false},"excerpt":{"rendered":"<p>El concejal rosarino y candidato a diputado provincial por el Frente Justicialista Para la Victoria, H\u00e9ctor Cavallero particip\u00f3 en nuestra ciudad del acto de apoyo al candidato a senador Guillermo Cornaglia donde participaron referentes justicialistas del departamento Belgrano, y dej\u00f3 estas consideraciones. \u201cVengo a dar mi apoyo porque creo que como hombre de la democracia <a href=\"https:\/\/armstrongyregion.com.ar\/diario\/hector-cavallero-nuestro-planteo-es-totalmente-diferente-al-del-frente-progresista\/\" title=\"Read more\" >&#8230;<\/a><\/p>\n","protected":false},"author":2,"featured_media":2247,"comment_status":"open","ping_status":"open","sticky":false,"template":"","format":"standard","meta":{"_jetpack_memberships_contains_paid_content":false,"footnotes":"","jetpack_publicize_message":"","jetpack_publicize_feature_enabled":true,"jetpack_social_post_already_shared":false,"jetpack_social_options":{"image_generator_settings":{"template":"highway","default_image_id":0,"enabled":false},"version":2}},"categories":[1,2,7],"tags":[179,1411,53,1757,139,257,1410,1755,1756,1075,1077],"class_list":["post-2245","post","type-post","status-publish","format-standard","has-post-thumbnail","hentry","category-diario-armstrong","category-locales","category-politica","tag-al","tag-cavallero","tag-del","tag-diferente","tag-es","tag-frente","tag-hector","tag-nuestro","tag-planteo","tag-progresista","tag-totalmente"],"jetpack_publicize_connections":[],"jetpack_featured_media_url":"https:\/\/armstrongyregion.com.ar\/diario\/wp-content\/uploads\/2015\/05\/11329740_10205675818968542_4728476931267778224_n1.jpg","jetpack_shortlink":"https:\/\/wp.me\/p62QDO-Ad","jetpack_sharing_enabled":true,"amp_enabled":true,"_links":{"self":[{"href":"https:\/\/armstrongyregion.com.ar\/diario\/wp-json\/wp\/v2\/posts\/2245","targetHints":{"allow":["GET"]}}],"collection":[{"href":"https:\/\/armstrongyregion.com.ar\/diario\/wp-json\/wp\/v2\/posts"}],"about":[{"href":"https:\/\/armstrongyregion.com.ar\/diario\/wp-json\/wp\/v2\/types\/post"}],"author":[{"embeddable":true,"href":"https:\/\/armstrongyregion.com.ar\/diario\/wp-json\/wp\/v2\/users\/2"}],"replies":[{"embeddable":true,"href":"https:\/\/armstrongyregion.com.ar\/diario\/wp-json\/wp\/v2\/comments?post=2245"}],"version-history":[{"count":0,"href":"https:\/\/armstrongyregion.com.ar\/diario\/wp-json\/wp\/v2\/posts\/2245\/revisions"}],"wp:featuredmedia":[{"embeddable":true,"href":"https:\/\/armstrongyregion.com.ar\/diario\/wp-json\/wp\/v2\/media\/2247"}],"wp:attachment":[{"href":"https:\/\/armstrongyregion.com.ar\/diario\/wp-json\/wp\/v2\/media?parent=2245"}],"wp:term":[{"taxonomy":"category","embeddable":true,"href":"https:\/\/armstrongyregion.com.ar\/diario\/wp-json\/wp\/v2\/categories?post=2245"},{"taxonomy":"post_tag","embeddable":true,"href":"https:\/\/armstrongyregion.com.ar\/diario\/wp-json\/wp\/v2\/tags?post=2245"}],"curies":[{"name":"wp","href":"https:\/\/api.w.org\/{rel}","templated":true}]}}