{"id":22410,"date":"2019-07-26T21:42:53","date_gmt":"2019-07-26T21:42:53","guid":{"rendered":"https:\/\/armstrongyregion.com.ar\/diario\/?p=22410"},"modified":"2019-07-26T21:42:53","modified_gmt":"2019-07-26T21:42:53","slug":"giaccone-participo-de-las-actividades-de-alberto-fernandez-en-santa-fe","status":"publish","type":"post","link":"https:\/\/armstrongyregion.com.ar\/diario\/giaccone-participo-de-las-actividades-de-alberto-fernandez-en-santa-fe\/","title":{"rendered":"Giaccone participo de las actividades de Alberto Fernandez en Santa Fe."},"content":{"rendered":"<p><a href=\"http:\/\/armstrongyregion.com.ar\/diario\/wp-content\/uploads\/2019\/07\/cg-af-op-todos.jpg\"><img loading=\"lazy\" decoding=\"async\" class=\"alignnone size-full wp-image-22411\" src=\"http:\/\/armstrongyregion.com.ar\/diario\/wp-content\/uploads\/2019\/07\/cg-af-op-todos.jpg\" alt=\"cg af op todos\" width=\"682\" height=\"600\" srcset=\"https:\/\/armstrongyregion.com.ar\/diario\/wp-content\/uploads\/2019\/07\/cg-af-op-todos.jpg 682w, https:\/\/armstrongyregion.com.ar\/diario\/wp-content\/uploads\/2019\/07\/cg-af-op-todos-300x264.jpg 300w\" sizes=\"auto, (max-width: 682px) 100vw, 682px\" \/><\/a>La diputada provincial Claudia Giaccone, estuvo presente en la jornada de actividades que el candidato a presidente del Frente de Todos, Alberto Fern\u00e1ndez, junto al gobernador electo de Santa Fe, Omar Perotti, y candidatos a diputados nacionales, desarrollaron en la ciudad capital de la provincia.<\/p>\n<p><a href=\"http:\/\/armstrongyregion.com.ar\/diario\/wp-content\/uploads\/2019\/07\/cg-af-op.jpg\"><img loading=\"lazy\" decoding=\"async\" class=\"alignnone size-full wp-image-22412\" src=\"http:\/\/armstrongyregion.com.ar\/diario\/wp-content\/uploads\/2019\/07\/cg-af-op.jpg\" alt=\"cg af op\" width=\"768\" height=\"576\" srcset=\"https:\/\/armstrongyregion.com.ar\/diario\/wp-content\/uploads\/2019\/07\/cg-af-op.jpg 768w, https:\/\/armstrongyregion.com.ar\/diario\/wp-content\/uploads\/2019\/07\/cg-af-op-300x225.jpg 300w\" sizes=\"auto, (max-width: 768px) 100vw, 768px\" \/><\/a>Fern\u00e1ndez estuvo en la sede del Partido Justicialista, donde se reuni\u00f3 con dirigentes de toda la provincia, y luego se trasladaron a la sala ATE Casa Espa\u00f1a, donde numerosos militantes colmaron las instalaciones, mientras que las calles cercanas al lugar marcaban la presencia de numeros\u00edsimos santafesinos.<\/p>\n<p>La diputada Giaccone expres\u00f3 que el marco multitudinario que acompa\u00f1\u00f3 al encuentro marca la importancia que ha tenido esta gira de Alberto Fern\u00e1ndez, demostrando <em>\u201cque la expresi\u00f3n popular en las PASO del 11 de agosto definir\u00e1 claramente la elecci\u00f3n de un gobierno que construya un pa\u00eds para todos, y no solo para unos pocos como ocurre actualmente. Queremos que se respete el federalismo y el potencial productivo de nuestras provincias, con un estado que defina pol\u00edticas p\u00fablicas que promuevan el trabajo, las industrias, cuide a nuestros adultos mayores y mejore la calidad de vida de todos, desarrollando un modelo de crecimiento que d\u00e9 inclusi\u00f3n y felicidad a los argentinos. Estamos convencidos que hay un futuro para todos\u201d.<\/em><\/p>\n<p>&nbsp;<\/p>\n","protected":false},"excerpt":{"rendered":"<p>La diputada provincial Claudia Giaccone, estuvo presente en la jornada de actividades que el candidato a presidente del Frente de Todos, Alberto Fern\u00e1ndez, junto al gobernador electo de Santa Fe, Omar Perotti, y candidatos a diputados nacionales, desarrollaron en la ciudad capital de la provincia. Fern\u00e1ndez estuvo en la sede del Partido Justicialista, donde se <a href=\"https:\/\/armstrongyregion.com.ar\/diario\/giaccone-participo-de-las-actividades-de-alberto-fernandez-en-santa-fe\/\" title=\"Read more\" >&#8230;<\/a><\/p>\n","protected":false},"author":1,"featured_media":22411,"comment_status":"open","ping_status":"open","sticky":false,"template":"","format":"standard","meta":{"_jetpack_memberships_contains_paid_content":false,"footnotes":"","jetpack_publicize_message":"","jetpack_publicize_feature_enabled":true,"jetpack_social_post_already_shared":false,"jetpack_social_options":{"image_generator_settings":{"template":"highway","default_image_id":0,"enabled":false},"version":2}},"categories":[8,1,2,7,3],"tags":[],"class_list":["post-22410","post","type-post","status-publish","format-standard","has-post-thumbnail","hentry","category-deliberando","category-diario-armstrong","category-locales","category-politica","category-region"],"jetpack_publicize_connections":[],"jetpack_featured_media_url":"https:\/\/armstrongyregion.com.ar\/diario\/wp-content\/uploads\/2019\/07\/cg-af-op-todos.jpg","jetpack_shortlink":"https:\/\/wp.me\/p62QDO-5Ps","jetpack_sharing_enabled":true,"amp_enabled":true,"_links":{"self":[{"href":"https:\/\/armstrongyregion.com.ar\/diario\/wp-json\/wp\/v2\/posts\/22410","targetHints":{"allow":["GET"]}}],"collection":[{"href":"https:\/\/armstrongyregion.com.ar\/diario\/wp-json\/wp\/v2\/posts"}],"about":[{"href":"https:\/\/armstrongyregion.com.ar\/diario\/wp-json\/wp\/v2\/types\/post"}],"author":[{"embeddable":true,"href":"https:\/\/armstrongyregion.com.ar\/diario\/wp-json\/wp\/v2\/users\/1"}],"replies":[{"embeddable":true,"href":"https:\/\/armstrongyregion.com.ar\/diario\/wp-json\/wp\/v2\/comments?post=22410"}],"version-history":[{"count":0,"href":"https:\/\/armstrongyregion.com.ar\/diario\/wp-json\/wp\/v2\/posts\/22410\/revisions"}],"wp:featuredmedia":[{"embeddable":true,"href":"https:\/\/armstrongyregion.com.ar\/diario\/wp-json\/wp\/v2\/media\/22411"}],"wp:attachment":[{"href":"https:\/\/armstrongyregion.com.ar\/diario\/wp-json\/wp\/v2\/media?parent=22410"}],"wp:term":[{"taxonomy":"category","embeddable":true,"href":"https:\/\/armstrongyregion.com.ar\/diario\/wp-json\/wp\/v2\/categories?post=22410"},{"taxonomy":"post_tag","embeddable":true,"href":"https:\/\/armstrongyregion.com.ar\/diario\/wp-json\/wp\/v2\/tags?post=22410"}],"curies":[{"name":"wp","href":"https:\/\/api.w.org\/{rel}","templated":true}]}}