{"id":2239,"date":"2015-05-20T11:46:36","date_gmt":"2015-05-20T11:46:36","guid":{"rendered":"https:\/\/armstrongyregion.com.ar\/diario\/?p=2239"},"modified":"2015-05-20T11:46:36","modified_gmt":"2015-05-20T11:46:36","slug":"vecinos-en-el-concejo-deliberante-posicion-del-presidente-del-cuerpo","status":"publish","type":"post","link":"https:\/\/armstrongyregion.com.ar\/diario\/vecinos-en-el-concejo-deliberante-posicion-del-presidente-del-cuerpo\/","title":{"rendered":"Vecinos en el Concejo Deliberante, posici\u00f3n del presidente del cuerpo."},"content":{"rendered":"<p><a href=\"http:\/\/armstrongyregion.com.ar\/diario\/wp-content\/uploads\/2015\/05\/marozzitapita.jpg\"><img loading=\"lazy\" decoding=\"async\" src=\"http:\/\/armstrongyregion.com.ar\/diario\/wp-content\/uploads\/2015\/05\/marozzitapita-300x199.jpg\" alt=\"marozziAdrian\" width=\"300\" height=\"199\" class=\"alignnone size-medium wp-image-2240\" srcset=\"https:\/\/armstrongyregion.com.ar\/diario\/wp-content\/uploads\/2015\/05\/marozzitapita-300x199.jpg 300w, https:\/\/armstrongyregion.com.ar\/diario\/wp-content\/uploads\/2015\/05\/marozzitapita-1024x680.jpg 1024w, https:\/\/armstrongyregion.com.ar\/diario\/wp-content\/uploads\/2015\/05\/marozzitapita.jpg 1042w\" sizes=\"auto, (max-width: 300px) 100vw, 300px\" \/><\/a>El presidente del Concejo Deliberante de nuestra ciudad, Adrian Marozzi, hizo referencia a los vecinos que se han llegado al recinto a hacer reclamos los d\u00edas martes que es cuando se desarrollan las sesiones, sugiri\u00e9ndole no lo hagan.<br \/>\nAs\u00ed lo explic\u00f3 el edil oficialista: \u201cHay que aclarar algo, no es que yo lo pida, el pedido lo hacen los integrantes del cuerpo; en realidad hay un orden del d\u00eda que hay que respetar y terminado ello se finaliza la sesi\u00f3n.\u201d<br \/>\nM\u00e1s adelante Marozzi dijo: \u201cEl recibimiento, por razones de reglamento, de los vecinos que quieran hablar con los concejales, que siempre est\u00e1n abiertos al dialogo, pueden hacerlo el lunes o cualquier d\u00eda de la semana por la ma\u00f1ana, que el concejo est\u00e1 abierto. Los vecinos pueden venir a plantear sus problemas  y yo como presidente si veo que amerita esa reuni\u00f3n cito a los concejales para otro d\u00eda si no se puede ese lunes.\u201d<br \/>\n\u201cEsto pasa por una raz\u00f3n de formalidad, porque los martes esas presencias se mediatizan y no queremos eso, debemos encontrar una soluci\u00f3n a los reclamos de los vecinos, y al estar en tiempos pol\u00edticos no queremos que esto se tome y se use al concejo para disputas o beneficios pol\u00edticos\u201d amplio el concejal.<\/p>\n","protected":false},"excerpt":{"rendered":"<p>El presidente del Concejo Deliberante de nuestra ciudad, Adrian Marozzi, hizo referencia a los vecinos que se han llegado al recinto a hacer reclamos los d\u00edas martes que es cuando se desarrollan las sesiones, sugiri\u00e9ndole no lo hagan. As\u00ed lo explic\u00f3 el edil oficialista: \u201cHay que aclarar algo, no es que yo lo pida, el <a href=\"https:\/\/armstrongyregion.com.ar\/diario\/vecinos-en-el-concejo-deliberante-posicion-del-presidente-del-cuerpo\/\" title=\"Read more\" >&#8230;<\/a><\/p>\n","protected":false},"author":2,"featured_media":2240,"comment_status":"open","ping_status":"open","sticky":false,"template":"","format":"standard","meta":{"_jetpack_memberships_contains_paid_content":false,"footnotes":"","jetpack_publicize_message":"","jetpack_publicize_feature_enabled":true,"jetpack_social_post_already_shared":false,"jetpack_social_options":{"image_generator_settings":{"template":"highway","default_image_id":0,"enabled":false},"version":2}},"categories":[1,2,7],"tags":[868,1117,53,1115,16,15,1749,1750,344],"class_list":["post-2239","post","type-post","status-publish","format-standard","has-post-thumbnail","hentry","category-diario-armstrong","category-locales","category-politica","tag-concejo","tag-cuerpo","tag-del","tag-deliberante","tag-el","tag-en","tag-posicion","tag-presidente","tag-vecinos"],"jetpack_publicize_connections":[],"jetpack_featured_media_url":"https:\/\/armstrongyregion.com.ar\/diario\/wp-content\/uploads\/2015\/05\/marozzitapita.jpg","jetpack_shortlink":"https:\/\/wp.me\/p62QDO-A7","jetpack_sharing_enabled":true,"amp_enabled":true,"_links":{"self":[{"href":"https:\/\/armstrongyregion.com.ar\/diario\/wp-json\/wp\/v2\/posts\/2239","targetHints":{"allow":["GET"]}}],"collection":[{"href":"https:\/\/armstrongyregion.com.ar\/diario\/wp-json\/wp\/v2\/posts"}],"about":[{"href":"https:\/\/armstrongyregion.com.ar\/diario\/wp-json\/wp\/v2\/types\/post"}],"author":[{"embeddable":true,"href":"https:\/\/armstrongyregion.com.ar\/diario\/wp-json\/wp\/v2\/users\/2"}],"replies":[{"embeddable":true,"href":"https:\/\/armstrongyregion.com.ar\/diario\/wp-json\/wp\/v2\/comments?post=2239"}],"version-history":[{"count":0,"href":"https:\/\/armstrongyregion.com.ar\/diario\/wp-json\/wp\/v2\/posts\/2239\/revisions"}],"wp:featuredmedia":[{"embeddable":true,"href":"https:\/\/armstrongyregion.com.ar\/diario\/wp-json\/wp\/v2\/media\/2240"}],"wp:attachment":[{"href":"https:\/\/armstrongyregion.com.ar\/diario\/wp-json\/wp\/v2\/media?parent=2239"}],"wp:term":[{"taxonomy":"category","embeddable":true,"href":"https:\/\/armstrongyregion.com.ar\/diario\/wp-json\/wp\/v2\/categories?post=2239"},{"taxonomy":"post_tag","embeddable":true,"href":"https:\/\/armstrongyregion.com.ar\/diario\/wp-json\/wp\/v2\/tags?post=2239"}],"curies":[{"name":"wp","href":"https:\/\/api.w.org\/{rel}","templated":true}]}}