{"id":22333,"date":"2019-07-19T00:18:12","date_gmt":"2019-07-19T00:18:12","guid":{"rendered":"https:\/\/armstrongyregion.com.ar\/diario\/?p=22333"},"modified":"2019-07-19T00:18:12","modified_gmt":"2019-07-19T00:18:12","slug":"la-justicia-dicto-la-falta-de-merito-al-senador-guillermo-cornaglia","status":"publish","type":"post","link":"https:\/\/armstrongyregion.com.ar\/diario\/la-justicia-dicto-la-falta-de-merito-al-senador-guillermo-cornaglia\/","title":{"rendered":"La Justicia dicto la falta de merito al Senador Guillermo Cornaglia."},"content":{"rendered":"<div><a href=\"http:\/\/armstrongyregion.com.ar\/diario\/wp-content\/uploads\/2019\/07\/GC-2019-07-17-Fb-Parte-de-Prensa-1.jpg\"><img loading=\"lazy\" decoding=\"async\" class=\"alignnone size-full wp-image-22334\" src=\"http:\/\/armstrongyregion.com.ar\/diario\/wp-content\/uploads\/2019\/07\/GC-2019-07-17-Fb-Parte-de-Prensa-1.jpg\" alt=\"GC - 2019-07-17- Fb - Parte de Prensa (1)\" width=\"768\" height=\"403\" srcset=\"https:\/\/armstrongyregion.com.ar\/diario\/wp-content\/uploads\/2019\/07\/GC-2019-07-17-Fb-Parte-de-Prensa-1.jpg 768w, https:\/\/armstrongyregion.com.ar\/diario\/wp-content\/uploads\/2019\/07\/GC-2019-07-17-Fb-Parte-de-Prensa-1-300x157.jpg 300w\" sizes=\"auto, (max-width: 768px) 100vw, 768px\" \/><\/a>La C\u00e1mara Federal consider\u00f3 que no hubo pruebas contra el senador Guillermo Cornaglia en la causa por las supuestas irregularidades en el manejo de los Programas Municipales de Gesti\u00f3n Integral de Residuos S\u00f3lidos Urbanos, por lo que le dict\u00f3 la falta de m\u00e9rito al actual legislador provincial por el departamento Belgrano.<\/div>\n<div><\/div>\n<div>El procesamiento que hab\u00eda realizado en febrero de este a\u00f1o el juez Claudio Bonad\u00edo fue utilizado ferozmente por algunos candidatos durante la campa\u00f1a electoral provincial para atacar con mentiras a Cornaglia, quien buscaba renovar su mandato en la C\u00e1mara de Senadores de Santa Fe. \u00abLas falsas denuncias p\u00fablicas que carecen de sustento jur\u00eddico son un mecanismo que atenta contra la democracia y que est\u00e1 muy lejos de consolidar una Justicia libre e independiente\u00bb, declar\u00f3 Cornaglia.<\/div>\n","protected":false},"excerpt":{"rendered":"<p>La C\u00e1mara Federal consider\u00f3 que no hubo pruebas contra el senador Guillermo Cornaglia en la causa por las supuestas irregularidades en el manejo de los Programas Municipales de Gesti\u00f3n Integral de Residuos S\u00f3lidos Urbanos, por lo que le dict\u00f3 la falta de m\u00e9rito al actual legislador provincial por el departamento Belgrano. El procesamiento que hab\u00eda <a href=\"https:\/\/armstrongyregion.com.ar\/diario\/la-justicia-dicto-la-falta-de-merito-al-senador-guillermo-cornaglia\/\" title=\"Read more\" >&#8230;<\/a><\/p>\n","protected":false},"author":1,"featured_media":22334,"comment_status":"open","ping_status":"open","sticky":false,"template":"","format":"standard","meta":{"_jetpack_memberships_contains_paid_content":false,"footnotes":"","jetpack_publicize_message":"","jetpack_publicize_feature_enabled":true,"jetpack_social_post_already_shared":false,"jetpack_social_options":{"image_generator_settings":{"template":"highway","default_image_id":0,"enabled":false},"version":2}},"categories":[8,1,2,7,3],"tags":[8128],"class_list":["post-22333","post","type-post","status-publish","format-standard","has-post-thumbnail","hentry","category-deliberando","category-diario-armstrong","category-locales","category-politica","category-region","tag-la-justicia-dicto-la-falta-de-merito-al-senador-guillermo-cornaglia"],"jetpack_publicize_connections":[],"jetpack_featured_media_url":"https:\/\/armstrongyregion.com.ar\/diario\/wp-content\/uploads\/2019\/07\/GC-2019-07-17-Fb-Parte-de-Prensa-1.jpg","jetpack_shortlink":"https:\/\/wp.me\/p62QDO-5Od","jetpack_sharing_enabled":true,"amp_enabled":true,"_links":{"self":[{"href":"https:\/\/armstrongyregion.com.ar\/diario\/wp-json\/wp\/v2\/posts\/22333","targetHints":{"allow":["GET"]}}],"collection":[{"href":"https:\/\/armstrongyregion.com.ar\/diario\/wp-json\/wp\/v2\/posts"}],"about":[{"href":"https:\/\/armstrongyregion.com.ar\/diario\/wp-json\/wp\/v2\/types\/post"}],"author":[{"embeddable":true,"href":"https:\/\/armstrongyregion.com.ar\/diario\/wp-json\/wp\/v2\/users\/1"}],"replies":[{"embeddable":true,"href":"https:\/\/armstrongyregion.com.ar\/diario\/wp-json\/wp\/v2\/comments?post=22333"}],"version-history":[{"count":0,"href":"https:\/\/armstrongyregion.com.ar\/diario\/wp-json\/wp\/v2\/posts\/22333\/revisions"}],"wp:featuredmedia":[{"embeddable":true,"href":"https:\/\/armstrongyregion.com.ar\/diario\/wp-json\/wp\/v2\/media\/22334"}],"wp:attachment":[{"href":"https:\/\/armstrongyregion.com.ar\/diario\/wp-json\/wp\/v2\/media?parent=22333"}],"wp:term":[{"taxonomy":"category","embeddable":true,"href":"https:\/\/armstrongyregion.com.ar\/diario\/wp-json\/wp\/v2\/categories?post=22333"},{"taxonomy":"post_tag","embeddable":true,"href":"https:\/\/armstrongyregion.com.ar\/diario\/wp-json\/wp\/v2\/tags?post=22333"}],"curies":[{"name":"wp","href":"https:\/\/api.w.org\/{rel}","templated":true}]}}