{"id":22319,"date":"2019-07-17T23:10:37","date_gmt":"2019-07-17T23:10:37","guid":{"rendered":"https:\/\/armstrongyregion.com.ar\/diario\/?p=22319"},"modified":"2019-07-17T23:10:37","modified_gmt":"2019-07-17T23:10:37","slug":"pullaro-participo-del-acto-por-el-dia-del-agente-penitenciario","status":"publish","type":"post","link":"https:\/\/armstrongyregion.com.ar\/diario\/pullaro-participo-del-acto-por-el-dia-del-agente-penitenciario\/","title":{"rendered":"Pullaro particip\u00f3 del acto por el d\u00eda del agente penitenciario"},"content":{"rendered":"<p>La actividad se desarroll\u00f3 este martes en Coronda. <\/p>\n<p>El ministro de Seguridad, Maximiliano Pullaro, encabez\u00f3 este martes el acto oficial por el D\u00eda del Agente Penitenciario en el Instituto Modelo Correccional de Coronda (Unidad N\u00ba 1), oportunidad en la que salud\u00f3 al personal y los felicit\u00f3 por la labor que llevan adelante d\u00eda, a d\u00eda.<\/p>\n<p>Desde el 16 de julio del a\u00f1o 1949 se celebra el D\u00eda del Agente Penitenciario, en conmemoraci\u00f3n de la advocaci\u00f3n de la Patrona del Servicio Penitenciario Federal y todos los servicios provinciales, la Virgen del Carmen. Cada a\u00f1o se destaca el profesionalismo de todos aquellos que construyeron historia, cumpliendo diferentes roles y funciones y los que hoy siguen construyendo en el d\u00eda, a d\u00eda.<\/p>\n<p>El Ministro Maximiliano Pullaro destac\u00f3 el rol del personal penitenciario como fundamental, por el proceso de resocializaci\u00f3n que llevan a cabo con los internos y agreg\u00f3: \u00abDesde ya, vamos a seguir trabajando para que el Servicio Penitenciario de Santa Fe siga teniendo la jerarqu\u00eda, la grandeza y reconocimiento que tiene, no solo en la provincia, sino en la Rep\u00fablica Argentina, porque es uno de los m\u00e1s reconocidos del pa\u00eds\u00bb. <\/p>\n<p>Adem\u00e1s, Pullaro mencion\u00f3 los avances concretados a lo largo de la gesti\u00f3n: \u00abDuplicamos la cantidad de empleados penitenciarios de Santa Fe, pero tambi\u00e9n, casi triplicamos la cantidad de detenidos que ten\u00edamos dentro de las unidades del servicio. Hicimos traslados de presos de las comisar\u00edas, pero tambi\u00e9n hay m\u00e1s detenidos en funci\u00f3n del nuevo proceso penal de Santa Fe\u00bb. <\/p>\n<p>Por otra parte, Juan Mart\u00ednez Saliba expres\u00f3: \u00abEl principal eje de gesti\u00f3n iba a ser el personal penitenciario, b\u00e1sicamente mejorar la vida de los trabajadores. Hoy ya casi culminando la etapa de gobierno, podemos decir que hemos puesto mucho esfuerzo para poder conseguir eso que oportunamente hab\u00edamos marcado como los ejes de trabajo que \u00edbamos a llevar adelante: ascensos, un salario digno con cl\u00e1usula gatillo, ingreso de personal, traslado del personal hacia las unidades donde presta su servicio, entre otros\u00bb. Adem\u00e1s, remarc\u00f3: \u201cSinceramente fue much\u00edsimo el esfuerzo que ha hecho el Gobierno de la Provincia de Santa Fe, que encabeza el gobernador Miguel Lifschitz, pero principalmente el titular de la cartera del Ministerio de Seguridad, el ministro Maximiliano Pullaro. Uno puede prometer que va a hacer mucho esfuerzo, pero sin voluntad pol\u00edtica eso no ser\u00eda posible\u201d.<\/p>\n<p>Finalmente, Pablo Cococcioni reflexion\u00f3: \u201cEl principal instituto de detenci\u00f3n, eran las comisar\u00edas. Una se\u00f1al muy fuerte de querer abordar y resolver los problemas que ten\u00eda el Servicio Penitenciario se mide en la inversi\u00f3n. Ah\u00ed es donde realmente se sabe si se valora o no, la instituci\u00f3n. Nosotros viendo este cuadro de situaci\u00f3n hemos dise\u00f1ado y llevado adelante con el apoyo incondicional del gobierno de la Provincia de Santa Fe, un plan de obra p\u00fablica y de readecuaci\u00f3n institucional, desde donde surgieron muchas obras\u201d. <\/p>\n<p> Presentes<\/p>\n<p>Del acto participaron tambi\u00e9n el secretario de Coordinaci\u00f3n de Gabinete  Pablo Cococcioni; el subsecretario de Asuntos Penitenciarios, Juan Martinez Saliba; los directores provinciales del Instituto Aut\u00e1rquico Provincial de Industrias Penitenciarias (Iapip), Cristian Bortolotto y de Relaciones Institucionales Penitenciarias, Lucia Masneri.<\/p>\n","protected":false},"excerpt":{"rendered":"<p>La actividad se desarroll\u00f3 este martes en Coronda. El ministro de Seguridad, Maximiliano Pullaro, encabez\u00f3 este martes el acto oficial por el D\u00eda del Agente Penitenciario en el Instituto Modelo Correccional de Coronda (Unidad N\u00ba 1), oportunidad en la que salud\u00f3 al personal y los felicit\u00f3 por la labor que llevan adelante d\u00eda, a d\u00eda. <a href=\"https:\/\/armstrongyregion.com.ar\/diario\/pullaro-participo-del-acto-por-el-dia-del-agente-penitenciario\/\" title=\"Read more\" >&#8230;<\/a><\/p>\n","protected":false},"author":2,"featured_media":22320,"comment_status":"open","ping_status":"open","sticky":false,"template":"","format":"standard","meta":{"_jetpack_memberships_contains_paid_content":false,"footnotes":"","jetpack_publicize_message":"","jetpack_publicize_feature_enabled":true,"jetpack_social_post_already_shared":false,"jetpack_social_options":{"image_generator_settings":{"template":"highway","default_image_id":0,"enabled":false},"version":2}},"categories":[1,7],"tags":[],"class_list":["post-22319","post","type-post","status-publish","format-standard","has-post-thumbnail","hentry","category-diario-armstrong","category-politica"],"jetpack_publicize_connections":[],"jetpack_featured_media_url":"https:\/\/armstrongyregion.com.ar\/diario\/wp-content\/uploads\/2019\/07\/pullaro.jpg","jetpack_shortlink":"https:\/\/wp.me\/p62QDO-5NZ","jetpack_sharing_enabled":true,"amp_enabled":true,"_links":{"self":[{"href":"https:\/\/armstrongyregion.com.ar\/diario\/wp-json\/wp\/v2\/posts\/22319","targetHints":{"allow":["GET"]}}],"collection":[{"href":"https:\/\/armstrongyregion.com.ar\/diario\/wp-json\/wp\/v2\/posts"}],"about":[{"href":"https:\/\/armstrongyregion.com.ar\/diario\/wp-json\/wp\/v2\/types\/post"}],"author":[{"embeddable":true,"href":"https:\/\/armstrongyregion.com.ar\/diario\/wp-json\/wp\/v2\/users\/2"}],"replies":[{"embeddable":true,"href":"https:\/\/armstrongyregion.com.ar\/diario\/wp-json\/wp\/v2\/comments?post=22319"}],"version-history":[{"count":0,"href":"https:\/\/armstrongyregion.com.ar\/diario\/wp-json\/wp\/v2\/posts\/22319\/revisions"}],"wp:featuredmedia":[{"embeddable":true,"href":"https:\/\/armstrongyregion.com.ar\/diario\/wp-json\/wp\/v2\/media\/22320"}],"wp:attachment":[{"href":"https:\/\/armstrongyregion.com.ar\/diario\/wp-json\/wp\/v2\/media?parent=22319"}],"wp:term":[{"taxonomy":"category","embeddable":true,"href":"https:\/\/armstrongyregion.com.ar\/diario\/wp-json\/wp\/v2\/categories?post=22319"},{"taxonomy":"post_tag","embeddable":true,"href":"https:\/\/armstrongyregion.com.ar\/diario\/wp-json\/wp\/v2\/tags?post=22319"}],"curies":[{"name":"wp","href":"https:\/\/api.w.org\/{rel}","templated":true}]}}