{"id":22285,"date":"2019-07-14T21:19:07","date_gmt":"2019-07-14T21:19:07","guid":{"rendered":"https:\/\/armstrongyregion.com.ar\/diario\/?p=22285"},"modified":"2019-07-14T21:19:07","modified_gmt":"2019-07-14T21:19:07","slug":"desde-hoy-domingo-aumenta-un-23-la-tarifa-del-transporte-interurbano","status":"publish","type":"post","link":"https:\/\/armstrongyregion.com.ar\/diario\/desde-hoy-domingo-aumenta-un-23-la-tarifa-del-transporte-interurbano\/","title":{"rendered":"Desde hoy domingo aumenta un 23% la tarifa del transporte interurbano."},"content":{"rendered":"<p><a href=\"http:\/\/armstrongyregion.com.ar\/diario\/wp-content\/uploads\/2019\/07\/colectivo-.jpg\"><img loading=\"lazy\" decoding=\"async\" class=\"alignnone size-full wp-image-22286\" src=\"http:\/\/armstrongyregion.com.ar\/diario\/wp-content\/uploads\/2019\/07\/colectivo-.jpg\" alt=\"colectivo-\" width=\"768\" height=\"515\" srcset=\"https:\/\/armstrongyregion.com.ar\/diario\/wp-content\/uploads\/2019\/07\/colectivo-.jpg 768w, https:\/\/armstrongyregion.com.ar\/diario\/wp-content\/uploads\/2019\/07\/colectivo--300x201.jpg 300w\" sizes=\"auto, (max-width: 768px) 100vw, 768px\" \/><\/a>En enero de este a\u00f1o ya hab\u00edan aumentado las tarifas un 34,9%. Con este nuevo incremento el transporte interurbano santafesino costar\u00e1 un 66,12% m\u00e1s que hace 8 meses.<\/p>\n<p>Siguen las consecuencias de la quita de subsidios al transporte por parte del gobierno nacional. La administraci\u00f3n provincial hab\u00eda asegurado que se har\u00eda cargo de buena parte de los costos. Sin embargo a partir de esta noche\u00a0 habr\u00e1 un nuevo aumento en el boleto interurbano.<\/p>\n<p>Mediante la firma del decreto N1722 del 5 de julio, el gobernador Miguel Lifschitz y el ministro de Infraestructura y Transporte Jos\u00e9 Garibay autorizaron un incremento. Ser\u00e1 a partir del domingo, del 23,12% en l\u00edneas de transporte media y larga distancia dentro de la provincia, al igual que para las l\u00edneas urbanas interjurisdiccionales que prestan servicios de corta distancia.<\/p>\n<p>En los considerando del decreto se argumenta que\u00a0<em>\u201cse verificaron variaciones en los costos de explotaci\u00f3n, afect\u00e1ndose significativamente todos los rubros a saber: chasis, carrocer\u00edas, lubricantes, cubiertas, repuestos, salarios (\u2026)\u201d<\/em><\/p>\n<p>As\u00ed mismo se menciona que\u00a0<em>\u201cla Subsecretar\u00eda de Transporte ha recibido la solicitud de la c\u00e1mara representativas del sector del autotransporte p\u00fablico de pasajeros, con sede en Santa Fe y Rosario, para la revisi\u00f3n de los costos de explotaci\u00f3n\u201d.<\/em><\/p>\n<p>Las Rosas Digital<\/p>\n","protected":false},"excerpt":{"rendered":"<p>En enero de este a\u00f1o ya hab\u00edan aumentado las tarifas un 34,9%. Con este nuevo incremento el transporte interurbano santafesino costar\u00e1 un 66,12% m\u00e1s que hace 8 meses. Siguen las consecuencias de la quita de subsidios al transporte por parte del gobierno nacional. La administraci\u00f3n provincial hab\u00eda asegurado que se har\u00eda cargo de buena parte <a href=\"https:\/\/armstrongyregion.com.ar\/diario\/desde-hoy-domingo-aumenta-un-23-la-tarifa-del-transporte-interurbano\/\" title=\"Read more\" >&#8230;<\/a><\/p>\n","protected":false},"author":1,"featured_media":22286,"comment_status":"open","ping_status":"open","sticky":false,"template":"","format":"standard","meta":{"_jetpack_memberships_contains_paid_content":false,"footnotes":"","jetpack_publicize_message":"","jetpack_publicize_feature_enabled":true,"jetpack_social_post_already_shared":false,"jetpack_social_options":{"image_generator_settings":{"template":"highway","default_image_id":0,"enabled":false},"version":2}},"categories":[8,1,2,7,3],"tags":[8119],"class_list":["post-22285","post","type-post","status-publish","format-standard","has-post-thumbnail","hentry","category-deliberando","category-diario-armstrong","category-locales","category-politica","category-region","tag-desde-hoy-domingo-aumenta-un-23-la-tarifa-del-transporte-interurbano"],"jetpack_publicize_connections":[],"jetpack_featured_media_url":"https:\/\/armstrongyregion.com.ar\/diario\/wp-content\/uploads\/2019\/07\/colectivo-.jpg","jetpack_shortlink":"https:\/\/wp.me\/p62QDO-5Nr","jetpack_sharing_enabled":true,"amp_enabled":true,"_links":{"self":[{"href":"https:\/\/armstrongyregion.com.ar\/diario\/wp-json\/wp\/v2\/posts\/22285","targetHints":{"allow":["GET"]}}],"collection":[{"href":"https:\/\/armstrongyregion.com.ar\/diario\/wp-json\/wp\/v2\/posts"}],"about":[{"href":"https:\/\/armstrongyregion.com.ar\/diario\/wp-json\/wp\/v2\/types\/post"}],"author":[{"embeddable":true,"href":"https:\/\/armstrongyregion.com.ar\/diario\/wp-json\/wp\/v2\/users\/1"}],"replies":[{"embeddable":true,"href":"https:\/\/armstrongyregion.com.ar\/diario\/wp-json\/wp\/v2\/comments?post=22285"}],"version-history":[{"count":0,"href":"https:\/\/armstrongyregion.com.ar\/diario\/wp-json\/wp\/v2\/posts\/22285\/revisions"}],"wp:featuredmedia":[{"embeddable":true,"href":"https:\/\/armstrongyregion.com.ar\/diario\/wp-json\/wp\/v2\/media\/22286"}],"wp:attachment":[{"href":"https:\/\/armstrongyregion.com.ar\/diario\/wp-json\/wp\/v2\/media?parent=22285"}],"wp:term":[{"taxonomy":"category","embeddable":true,"href":"https:\/\/armstrongyregion.com.ar\/diario\/wp-json\/wp\/v2\/categories?post=22285"},{"taxonomy":"post_tag","embeddable":true,"href":"https:\/\/armstrongyregion.com.ar\/diario\/wp-json\/wp\/v2\/tags?post=22285"}],"curies":[{"name":"wp","href":"https:\/\/api.w.org\/{rel}","templated":true}]}}