{"id":22278,"date":"2019-07-14T20:58:37","date_gmt":"2019-07-14T20:58:37","guid":{"rendered":"https:\/\/armstrongyregion.com.ar\/diario\/?p=22278"},"modified":"2019-07-14T20:58:37","modified_gmt":"2019-07-14T20:58:37","slug":"la-uca-estima-que-la-pobreza-se-incrementara-al-35-por-ciento","status":"publish","type":"post","link":"https:\/\/armstrongyregion.com.ar\/diario\/la-uca-estima-que-la-pobreza-se-incrementara-al-35-por-ciento\/","title":{"rendered":"La UCA estima que la pobreza se incrementar\u00e1 al 35 por ciento."},"content":{"rendered":"<p><a href=\"http:\/\/armstrongyregion.com.ar\/diario\/wp-content\/uploads\/2019\/07\/deuda-social-.jpg\"><img loading=\"lazy\" decoding=\"async\" class=\"alignnone size-full wp-image-22279\" src=\"http:\/\/armstrongyregion.com.ar\/diario\/wp-content\/uploads\/2019\/07\/deuda-social-.jpg\" alt=\"deuda-social-\" width=\"768\" height=\"432\" srcset=\"https:\/\/armstrongyregion.com.ar\/diario\/wp-content\/uploads\/2019\/07\/deuda-social-.jpg 768w, https:\/\/armstrongyregion.com.ar\/diario\/wp-content\/uploads\/2019\/07\/deuda-social--300x169.jpg 300w\" sizes=\"auto, (max-width: 768px) 100vw, 768px\" \/><\/a>El Observatorio de la Deuda Social prev\u00e9 una fuerte suba del \u00edndice en el primer trimestre. La anterior medici\u00f3n del Indec la ubic\u00f3 en 32 por ciento.<\/p>\n<p align=\"justify\">El director del Observatorio de la Deuda Social de la UCA (Universidad Cat\u00f3lica), Agust\u00edn Salvia, estim\u00f3 que en el primer trimestre de este a\u00f1o la pobreza alcanz\u00f3 no menos del 35 por ciento y la indigencia poca m\u00e1s de 7 por ciento.<\/p>\n<p align=\"justify\">La estimaci\u00f3n se basa en los datos de ingresos de la Encuesta Permanente de Hogares (EPH) del Indec. Siguiendo esa proyecci\u00f3n, sobre una poblaci\u00f3n urbana de 40,5 millones, habr\u00eda 14.175.000 de pobres, de los cuales casi 3 millones ser\u00edan indigentes.<\/p>\n<p align=\"justify\">Esos porcentajes marcan un incremento de al menos 3 puntos \u20141.200.000 personas\u2014 con relaci\u00f3n a la medici\u00f3n de pobreza que, seg\u00fan el Indec, fue del 32 por ciento en el segundo semestre de 2018.<\/p>\n<p align=\"justify\">Respecto del 27,3 por ciento del primer semestre de 2018, el aumento de la pobreza ser\u00eda no menor a 7,7 puntos, equivalente a 3 millones de nuevos pobres.<\/p>\n<p align=\"justify\">El dato oficial de pobreza se conocer\u00e1 en septiembre y abarcar\u00e1 al periodo enero-junio o primer semestre de este a\u00f1o.<\/p>\n<p align=\"justify\">Salvia dijo que el primer trimestre de este a\u00f1o habr\u00eda sido el momento m\u00e1s dif\u00edcil y complicado porque los ingresos no tuvieron un ajuste nominal en relaci\u00f3n a valores de 2018, la suba de los precios de las canastas b\u00e1sicas fueron superiores a la propia inflaci\u00f3n, continu\u00f3 la fuerte recesi\u00f3n y aumentaron tanto las changas como las ocupaciones informales, el subempleo y empleo no registrado.<\/p>\n<p align=\"justify\">Estos datos son los m\u00e1s elevados de la d\u00e9cada. Los picos anteriores fueron en 2001\/2002 y 2008\/2009 en el contexto del impacto de la crisis internacional. Cuando se analiza por regiones, Salvia explica que el conurbano bonaerense \u2014una zona de alta concentraci\u00f3n de poblaci\u00f3n, que depende de la industria, servicios y comercio\u2014 es la de mayor impacto. Es tambi\u00e9n donde aument\u00f3 el trabajo infantil, a la vez que creci\u00f3 la asistencia p\u00fablica en los comedores p\u00fablicos, en un contexto donde la obra p\u00fablica ayud\u00f3 a mitigar en forma muy parcial la carencia de empleo e ingresos.<\/p>\n<p align=\"justify\">Seg\u00fan el Indec, en el conurbano bonaerense la pobreza en el segundo semestre de 2008 fue del 35,9 por ciento, sumando 4.356.189 pobres. Y la tasa de desempleo en el primer trimestre fue del 12,3 por ciento, por encima del 10,1 por ciento del promedio nacional, con fuerte predominio juvenil: entre los varones j\u00f3venes del 21,4 por ciento y mujeres j\u00f3venes del 27,4 por ciento.<\/p>\n<p align=\"justify\">En base a los estudios del Observatorio de la UCA Salvia agreg\u00f3: la incidencia de la pobreza por ingresos resulta m\u00e1s elevada entre los hogares que presentan privaci\u00f3n en alimentaci\u00f3n y salud, vivienda y trabajo.<\/p>\n<p align=\"justify\">A partir de 2016 tendi\u00f3 a incrementarse la correlaci\u00f3n entre pobreza por ingresos y la dimensi\u00f3n empleo y seguridad social. Esto implicar\u00eda que si bien las condiciones desfavorables llevaron al incremento de la pobreza tanto para los que presentan d\u00e9ficit en esas dimensiones como para los que no, el impacto fue mucho m\u00e1s fuerte para los primeros que para los \u00faltimos. Tambi\u00e9n el incremento de la pobreza afect\u00f3 en mayor medida a los que presentan d\u00e9ficit en vivienda. La correlaci\u00f3n tambi\u00e9n se incrementa entre pobreza y servicios, probablemente porque las mejoras hayan sido mayores para hogares que no se encontraron en situaci\u00f3n de pobreza por ingresos.<\/p>\n<p align=\"justify\">El incremento de la pobreza estructural desde 2016 fue notoria particularmente en el conurbano bonaerense. En 2018 la pobreza estructural afectaba al 23 por ciento de los hogares y a 1 de cada 4 personas de esta regi\u00f3n.<\/p>\n<p align=\"justify\">Por su parte, el investigador del Observatorio de la Deuda Social Argentina de la UCA, Eduardo Donza, estim\u00f3 que \u00abson varias las razones\u00bb que incrementan los \u00edndices de pobreza. \u00abTenemos una econom\u00eda que reacciona muy r\u00e1pido con relaci\u00f3n a la cotizaci\u00f3n del d\u00f3lar\u00bb, remarc\u00f3 y argument\u00f3: \u00abCuando tenemos devaluaciones, que son muchas veces bruscas, tenemos subas muy grandes de precios y en un mercado de trabajo que est\u00e1 m\u00e1s precarizado\u00bb.<\/p>\n<p align=\"justify\">Fuente: La Capital.<\/p>\n","protected":false},"excerpt":{"rendered":"<p>El Observatorio de la Deuda Social prev\u00e9 una fuerte suba del \u00edndice en el primer trimestre. La anterior medici\u00f3n del Indec la ubic\u00f3 en 32 por ciento. El director del Observatorio de la Deuda Social de la UCA (Universidad Cat\u00f3lica), Agust\u00edn Salvia, estim\u00f3 que en el primer trimestre de este a\u00f1o la pobreza alcanz\u00f3 no <a href=\"https:\/\/armstrongyregion.com.ar\/diario\/la-uca-estima-que-la-pobreza-se-incrementara-al-35-por-ciento\/\" title=\"Read more\" >&#8230;<\/a><\/p>\n","protected":false},"author":1,"featured_media":22279,"comment_status":"open","ping_status":"open","sticky":false,"template":"","format":"standard","meta":{"_jetpack_memberships_contains_paid_content":false,"footnotes":"","jetpack_publicize_message":"","jetpack_publicize_feature_enabled":true,"jetpack_social_post_already_shared":false,"jetpack_social_options":{"image_generator_settings":{"template":"highway","default_image_id":0,"enabled":false},"version":2}},"categories":[8,1,2,7,3],"tags":[8117],"class_list":["post-22278","post","type-post","status-publish","format-standard","has-post-thumbnail","hentry","category-deliberando","category-diario-armstrong","category-locales","category-politica","category-region","tag-la-uca-estima-que-la-pobreza-se-incrementara-al-35-por-ciento"],"jetpack_publicize_connections":[],"jetpack_featured_media_url":"https:\/\/armstrongyregion.com.ar\/diario\/wp-content\/uploads\/2019\/07\/deuda-social-.jpg","jetpack_shortlink":"https:\/\/wp.me\/p62QDO-5Nk","jetpack_sharing_enabled":true,"amp_enabled":true,"_links":{"self":[{"href":"https:\/\/armstrongyregion.com.ar\/diario\/wp-json\/wp\/v2\/posts\/22278","targetHints":{"allow":["GET"]}}],"collection":[{"href":"https:\/\/armstrongyregion.com.ar\/diario\/wp-json\/wp\/v2\/posts"}],"about":[{"href":"https:\/\/armstrongyregion.com.ar\/diario\/wp-json\/wp\/v2\/types\/post"}],"author":[{"embeddable":true,"href":"https:\/\/armstrongyregion.com.ar\/diario\/wp-json\/wp\/v2\/users\/1"}],"replies":[{"embeddable":true,"href":"https:\/\/armstrongyregion.com.ar\/diario\/wp-json\/wp\/v2\/comments?post=22278"}],"version-history":[{"count":0,"href":"https:\/\/armstrongyregion.com.ar\/diario\/wp-json\/wp\/v2\/posts\/22278\/revisions"}],"wp:featuredmedia":[{"embeddable":true,"href":"https:\/\/armstrongyregion.com.ar\/diario\/wp-json\/wp\/v2\/media\/22279"}],"wp:attachment":[{"href":"https:\/\/armstrongyregion.com.ar\/diario\/wp-json\/wp\/v2\/media?parent=22278"}],"wp:term":[{"taxonomy":"category","embeddable":true,"href":"https:\/\/armstrongyregion.com.ar\/diario\/wp-json\/wp\/v2\/categories?post=22278"},{"taxonomy":"post_tag","embeddable":true,"href":"https:\/\/armstrongyregion.com.ar\/diario\/wp-json\/wp\/v2\/tags?post=22278"}],"curies":[{"name":"wp","href":"https:\/\/api.w.org\/{rel}","templated":true}]}}