{"id":22260,"date":"2019-07-11T01:34:01","date_gmt":"2019-07-11T01:34:01","guid":{"rendered":"https:\/\/armstrongyregion.com.ar\/diario\/?p=22260"},"modified":"2019-07-11T01:34:01","modified_gmt":"2019-07-11T01:34:01","slug":"comunicado-sobre-vehiculos-que-se-encuentren-depositados-en-el-corralon-municipal","status":"publish","type":"post","link":"https:\/\/armstrongyregion.com.ar\/diario\/comunicado-sobre-vehiculos-que-se-encuentren-depositados-en-el-corralon-municipal\/","title":{"rendered":"Comunicado sobre  veh\u00edculos que se encuentren depositados en el Corral\u00f3n Municipal."},"content":{"rendered":"<p><a href=\"http:\/\/armstrongyregion.com.ar\/diario\/wp-content\/uploads\/2019\/07\/corralon_1.jpg\"><img loading=\"lazy\" decoding=\"async\" class=\"alignnone size-full wp-image-22261\" src=\"http:\/\/armstrongyregion.com.ar\/diario\/wp-content\/uploads\/2019\/07\/corralon_1.jpg\" alt=\"corralon_1\" width=\"768\" height=\"576\" srcset=\"https:\/\/armstrongyregion.com.ar\/diario\/wp-content\/uploads\/2019\/07\/corralon_1.jpg 768w, https:\/\/armstrongyregion.com.ar\/diario\/wp-content\/uploads\/2019\/07\/corralon_1-300x225.jpg 300w\" sizes=\"auto, (max-width: 768px) 100vw, 768px\" \/><\/a>Por el presente, la Municipalidad de Armstrong comunica que proceder\u00e1 a la disposici\u00f3n administrativa de los veh\u00edculos que se encuentren depositados en el Corral\u00f3n Municipal y dep\u00f3sitos municipales, cuya estad\u00eda exceda los plazos previstos en la Ley Provincial N\u00ba 11.856 y la Ordenanza Municipal N\u00ba 1425\/2018. <a href=\"http:\/\/armstrongyregion.com.ar\/diario\/wp-content\/uploads\/2019\/07\/corralon_2.jpg\"><img loading=\"lazy\" decoding=\"async\" class=\"alignnone size-full wp-image-22262\" src=\"http:\/\/armstrongyregion.com.ar\/diario\/wp-content\/uploads\/2019\/07\/corralon_2.jpg\" alt=\"corralon_2\" width=\"768\" height=\"576\" srcset=\"https:\/\/armstrongyregion.com.ar\/diario\/wp-content\/uploads\/2019\/07\/corralon_2.jpg 768w, https:\/\/armstrongyregion.com.ar\/diario\/wp-content\/uploads\/2019\/07\/corralon_2-300x225.jpg 300w\" sizes=\"auto, (max-width: 768px) 100vw, 768px\" \/><\/a>De acuerdo con lo previamente mencionado, aquellos que posean veh\u00edculos en dichas dependencias y cuya estad\u00eda supere los seis (6) meses, deber\u00e1n concurrir a m\u00e1s tardar a fecha 31 de Julio del cte., al Tribunal Municipal de Faltas, sita en Bv. San Mart\u00edn 1565 de la ciudad de Armstrong, de lunes a viernes, en el horario de 8 a 12 hs., acompa\u00f1ado de Documento Nacional de Identidad y T\u00edtulo de la Propiedad Automotor. Todo ello a los fines de hacer valer sus derechos sobre el rodado y regularizar su situaci\u00f3n, bajo apercibimiento de que en caso de incomparencia dentro del plazo previsto, se proceder\u00e1 sin m\u00e1s con arreglo a la Ordenanza N\u00ba 1425\/2018 a ordenar la incorporaci\u00f3n de los rodados al patrimonio municipal para su donaci\u00f3n o compactaci\u00f3n del bien.<\/p>\n<p>&nbsp;<\/p>\n","protected":false},"excerpt":{"rendered":"<p>Por el presente, la Municipalidad de Armstrong comunica que proceder\u00e1 a la disposici\u00f3n administrativa de los veh\u00edculos que se encuentren depositados en el Corral\u00f3n Municipal y dep\u00f3sitos municipales, cuya estad\u00eda exceda los plazos previstos en la Ley Provincial N\u00ba 11.856 y la Ordenanza Municipal N\u00ba 1425\/2018. De acuerdo con lo previamente mencionado, aquellos que posean <a href=\"https:\/\/armstrongyregion.com.ar\/diario\/comunicado-sobre-vehiculos-que-se-encuentren-depositados-en-el-corralon-municipal\/\" title=\"Read more\" >&#8230;<\/a><\/p>\n","protected":false},"author":1,"featured_media":22261,"comment_status":"open","ping_status":"open","sticky":false,"template":"","format":"standard","meta":{"_jetpack_memberships_contains_paid_content":false,"footnotes":"","jetpack_publicize_message":"","jetpack_publicize_feature_enabled":true,"jetpack_social_post_already_shared":false,"jetpack_social_options":{"image_generator_settings":{"template":"highway","default_image_id":0,"enabled":false},"version":2}},"categories":[8,1,2,7],"tags":[8113],"class_list":["post-22260","post","type-post","status-publish","format-standard","has-post-thumbnail","hentry","category-deliberando","category-diario-armstrong","category-locales","category-politica","tag-comunicado-sobre-vehiculos-que-se-encuentren-depositados-en-el-corralon-municipal"],"jetpack_publicize_connections":[],"jetpack_featured_media_url":"https:\/\/armstrongyregion.com.ar\/diario\/wp-content\/uploads\/2019\/07\/corralon_1.jpg","jetpack_shortlink":"https:\/\/wp.me\/p62QDO-5N2","jetpack_sharing_enabled":true,"amp_enabled":true,"_links":{"self":[{"href":"https:\/\/armstrongyregion.com.ar\/diario\/wp-json\/wp\/v2\/posts\/22260","targetHints":{"allow":["GET"]}}],"collection":[{"href":"https:\/\/armstrongyregion.com.ar\/diario\/wp-json\/wp\/v2\/posts"}],"about":[{"href":"https:\/\/armstrongyregion.com.ar\/diario\/wp-json\/wp\/v2\/types\/post"}],"author":[{"embeddable":true,"href":"https:\/\/armstrongyregion.com.ar\/diario\/wp-json\/wp\/v2\/users\/1"}],"replies":[{"embeddable":true,"href":"https:\/\/armstrongyregion.com.ar\/diario\/wp-json\/wp\/v2\/comments?post=22260"}],"version-history":[{"count":0,"href":"https:\/\/armstrongyregion.com.ar\/diario\/wp-json\/wp\/v2\/posts\/22260\/revisions"}],"wp:featuredmedia":[{"embeddable":true,"href":"https:\/\/armstrongyregion.com.ar\/diario\/wp-json\/wp\/v2\/media\/22261"}],"wp:attachment":[{"href":"https:\/\/armstrongyregion.com.ar\/diario\/wp-json\/wp\/v2\/media?parent=22260"}],"wp:term":[{"taxonomy":"category","embeddable":true,"href":"https:\/\/armstrongyregion.com.ar\/diario\/wp-json\/wp\/v2\/categories?post=22260"},{"taxonomy":"post_tag","embeddable":true,"href":"https:\/\/armstrongyregion.com.ar\/diario\/wp-json\/wp\/v2\/tags?post=22260"}],"curies":[{"name":"wp","href":"https:\/\/api.w.org\/{rel}","templated":true}]}}