{"id":22256,"date":"2019-07-11T01:22:38","date_gmt":"2019-07-11T01:22:38","guid":{"rendered":"https:\/\/armstrongyregion.com.ar\/diario\/?p=22256"},"modified":"2019-07-11T01:22:38","modified_gmt":"2019-07-11T01:22:38","slug":"comenzaron-las-vacaciones-de-pelicula-en-armstrong","status":"publish","type":"post","link":"https:\/\/armstrongyregion.com.ar\/diario\/comenzaron-las-vacaciones-de-pelicula-en-armstrong\/","title":{"rendered":"Comenzaron las vacaciones de pel\u00edcula en Armstrong."},"content":{"rendered":"<p><a href=\"http:\/\/armstrongyregion.com.ar\/diario\/wp-content\/uploads\/2019\/07\/vacaciones_muni_2019_placa.jpg\"><img loading=\"lazy\" decoding=\"async\" class=\"alignnone size-full wp-image-22258\" src=\"http:\/\/armstrongyregion.com.ar\/diario\/wp-content\/uploads\/2019\/07\/vacaciones_muni_2019_placa.jpg\" alt=\"vacaciones_muni_2019_placa\" width=\"768\" height=\"549\" srcset=\"https:\/\/armstrongyregion.com.ar\/diario\/wp-content\/uploads\/2019\/07\/vacaciones_muni_2019_placa.jpg 768w, https:\/\/armstrongyregion.com.ar\/diario\/wp-content\/uploads\/2019\/07\/vacaciones_muni_2019_placa-300x214.jpg 300w\" sizes=\"auto, (max-width: 768px) 100vw, 768px\" \/><\/a>La Municipalidad de Armstrong a trav\u00e9s de la Secretar\u00eda de Educaci\u00f3n, Cultura y Deporte invita a todos los ni\u00f1os y ni\u00f1as de la ciudad a divertirse durante estas vacaciones de invierno con actividades que pueden compartir con toda la familia.<\/p>\n<p>Para este mes de julio la programaci\u00f3n es la siguiente:<\/p>\n<p>Mi\u00e9rcoles 10: Pel\u00edcula de fantas\u00eda\/acci\u00f3n \u201cNacido para ser Rey\u201d. La vida de Alex, un chico de 12 a\u00f1os de la \u00e9poca actual, cambia radicalmente cuando encuentra la legendaria espada Excalibur. Junto a Merl\u00edn y un grupo de caballeros, Alex tendr\u00e1 que evitar que la malvada hechicera Morgana destruya el mundo.<\/p>\n<p>Jueves 11: Pel\u00edcula de ciencia ficci\u00f3n\/acci\u00f3n \u201cBumblebee\u201d. En 1987, Charlie, una adolescente, encuentra a Bumblebee, muy herido, en el dep\u00f3sito de chatarra al que hab\u00eda llegado mientras hu\u00eda. Mientras lo restaura, Charlie percibe que lo que ha hallado no es un Volkswagen amarillo corriente.<\/p>\n<p>Martes 16: Magia y diversi\u00f3n en la explanada del Museo Hist\u00f3rico Municipal con Enzo El Mago y Gangaritos.<\/p>\n<p>Mi\u00e9rcoles 17: Pel\u00edcula de fantas\u00eda\/aventura \u201cPie peque\u00f1o\u201d. Aunque nadie le cree, un yeti llamado Migo asegura que los seres humanos no son una leyenda, existen realmente. Migo est\u00e1 dispuesto a embarcarse en una aventura muy peligrosa para demostrar al resto de yetis que no est\u00e1 loco.<\/p>\n<p>Jueves 18: Pel\u00edcula de aventura\/animaci\u00f3n \u201cLeo Da Vinci\u201d. Un joven con muchas ideas en la cabeza, est\u00e1 empe\u00f1ado en ayudar a su amiga Lisa, quien perdi\u00f3 su casa en un incendio. Decide, entonces, ir en busca de un barco pirata que naufrag\u00f3 en la isla de Montecristo para encontrar el fabuloso tesoro que esconde.<\/p>\n<p>Las pel\u00edculas se proyectar\u00e1n en el sal\u00f3n Delmo Dar\u00f3, San Mart\u00edn 1565.<\/p>\n<p>Todas las actividades comienzan a las 14:30 hs. con entrada libre y gratuita.<\/p>\n<p>&nbsp;<\/p>\n","protected":false},"excerpt":{"rendered":"<p>La Municipalidad de Armstrong a trav\u00e9s de la Secretar\u00eda de Educaci\u00f3n, Cultura y Deporte invita a todos los ni\u00f1os y ni\u00f1as de la ciudad a divertirse durante estas vacaciones de invierno con actividades que pueden compartir con toda la familia. Para este mes de julio la programaci\u00f3n es la siguiente: Mi\u00e9rcoles 10: Pel\u00edcula de fantas\u00eda\/acci\u00f3n <a href=\"https:\/\/armstrongyregion.com.ar\/diario\/comenzaron-las-vacaciones-de-pelicula-en-armstrong\/\" title=\"Read more\" >&#8230;<\/a><\/p>\n","protected":false},"author":1,"featured_media":22258,"comment_status":"open","ping_status":"open","sticky":false,"template":"","format":"standard","meta":{"_jetpack_memberships_contains_paid_content":false,"footnotes":"","jetpack_publicize_message":"","jetpack_publicize_feature_enabled":true,"jetpack_social_post_already_shared":false,"jetpack_social_options":{"image_generator_settings":{"template":"highway","default_image_id":0,"enabled":false},"version":2}},"categories":[6,8,1,2],"tags":[8112],"class_list":["post-22256","post","type-post","status-publish","format-standard","has-post-thumbnail","hentry","category-cultura-entretenimiento","category-deliberando","category-diario-armstrong","category-locales","tag-comenzaron-las-vacaciones-de-pelicula-en-armstrong"],"jetpack_publicize_connections":[],"jetpack_featured_media_url":"https:\/\/armstrongyregion.com.ar\/diario\/wp-content\/uploads\/2019\/07\/vacaciones_muni_2019_placa.jpg","jetpack_shortlink":"https:\/\/wp.me\/p62QDO-5MY","jetpack_sharing_enabled":true,"amp_enabled":true,"_links":{"self":[{"href":"https:\/\/armstrongyregion.com.ar\/diario\/wp-json\/wp\/v2\/posts\/22256","targetHints":{"allow":["GET"]}}],"collection":[{"href":"https:\/\/armstrongyregion.com.ar\/diario\/wp-json\/wp\/v2\/posts"}],"about":[{"href":"https:\/\/armstrongyregion.com.ar\/diario\/wp-json\/wp\/v2\/types\/post"}],"author":[{"embeddable":true,"href":"https:\/\/armstrongyregion.com.ar\/diario\/wp-json\/wp\/v2\/users\/1"}],"replies":[{"embeddable":true,"href":"https:\/\/armstrongyregion.com.ar\/diario\/wp-json\/wp\/v2\/comments?post=22256"}],"version-history":[{"count":0,"href":"https:\/\/armstrongyregion.com.ar\/diario\/wp-json\/wp\/v2\/posts\/22256\/revisions"}],"wp:featuredmedia":[{"embeddable":true,"href":"https:\/\/armstrongyregion.com.ar\/diario\/wp-json\/wp\/v2\/media\/22258"}],"wp:attachment":[{"href":"https:\/\/armstrongyregion.com.ar\/diario\/wp-json\/wp\/v2\/media?parent=22256"}],"wp:term":[{"taxonomy":"category","embeddable":true,"href":"https:\/\/armstrongyregion.com.ar\/diario\/wp-json\/wp\/v2\/categories?post=22256"},{"taxonomy":"post_tag","embeddable":true,"href":"https:\/\/armstrongyregion.com.ar\/diario\/wp-json\/wp\/v2\/tags?post=22256"}],"curies":[{"name":"wp","href":"https:\/\/api.w.org\/{rel}","templated":true}]}}