{"id":22242,"date":"2019-07-10T00:18:20","date_gmt":"2019-07-10T00:18:20","guid":{"rendered":"https:\/\/armstrongyregion.com.ar\/diario\/?p=22242"},"modified":"2019-07-10T00:18:20","modified_gmt":"2019-07-10T00:18:20","slug":"tratado-de-libre-comercio-mercosur-union-europea-nada-para-ganar-mucho-para-perder","status":"publish","type":"post","link":"https:\/\/armstrongyregion.com.ar\/diario\/tratado-de-libre-comercio-mercosur-union-europea-nada-para-ganar-mucho-para-perder\/","title":{"rendered":"Tratado de libre Comercio Mercosur\/ Uni\u00f3n Europea. \u00abNada para Ganar, Mucho para Perder\u00bb."},"content":{"rendered":"<div dir=\"auto\"><a href=\"http:\/\/armstrongyregion.com.ar\/diario\/wp-content\/uploads\/2019\/07\/Diego-Mansilla-negativa-.jpg\"><img loading=\"lazy\" decoding=\"async\" class=\"alignnone size-full wp-image-22243\" src=\"http:\/\/armstrongyregion.com.ar\/diario\/wp-content\/uploads\/2019\/07\/Diego-Mansilla-negativa-.jpg\" alt=\"Diego-Mansilla-negativa-\" width=\"768\" height=\"512\" srcset=\"https:\/\/armstrongyregion.com.ar\/diario\/wp-content\/uploads\/2019\/07\/Diego-Mansilla-negativa-.jpg 768w, https:\/\/armstrongyregion.com.ar\/diario\/wp-content\/uploads\/2019\/07\/Diego-Mansilla-negativa--300x200.jpg 300w\" sizes=\"auto, (max-width: 768px) 100vw, 768px\" \/><\/a>Por Diego Mansilla.<\/div>\n<div dir=\"auto\">Lo primero que hay que decir es que todav\u00eda no existe ning\u00fan Acuerdo. No est\u00e1 firmado, y cuando eso suceda, primero deben comprobar que no haya ninguna cuesti\u00f3n legal afectada, comenzar\u00e1n con los trabajos de traducci\u00f3n a todos los idiomas de las partes intervinientes, y luego se comenzar\u00e1 con los mecanismos de ratificaci\u00f3n por parte del Parlamento europeo y de cada uno de los Congresos Nacionales de cada estado firmante. Y esto, de acuerdo a la experiencia reciente, puede tardar como m\u00ednimo 3 a\u00f1os, aunque la aplicaci\u00f3n provisional de algunos aspectos esta latente.<\/div>\n<div dir=\"auto\">Las negociaciones en estos \u00faltimos a\u00f1os se encontraron caracterizadas por un total hermetismo. Ni los parlamentarios nacionales y regionales, ni los sindicatos, ni las c\u00e1maras empresariales, participaron activamente de las negociaciones, es m\u00e1s, la informaci\u00f3n con la que contamos fue escasa o nula. En Europa fue diferente, all\u00ed s\u00ed hubo mecanismos de acceso a la informaci\u00f3n y participaci\u00f3n de la sociedad civil.<\/div>\n<div dir=\"auto\">Este \u201cacuerdo\u201d fue anunciado con extrema algarab\u00eda electoral por parte del gobierno argentino, vendi\u00e9ndolo como un gran logro luego de 20 a\u00f1os de negociaciones. FALSO. Entre los a\u00f1os 2010 y 2015 se hab\u00edan retomado las negociaciones, pero no se arrib\u00f3 a un acuerdo porque hab\u00eda un gobierno argentino que por entonces no estaba dispuesto a firmar ning\u00fan instrumento que pusiera en riesgo un solo puesto de trabajo argentino ni la vida de una sola pyme nacional. Lo que hubo desde diciembre de 2015 a la fecha es una entrega absurda a todos y cada uno de los requerimientos que hicieron los europeos hacia el Mercosur. Todo esto liderado por Macri y Bolzonaro.<\/div>\n<div dir=\"auto\">De ratificarse y entrar en vigencia, este Tratado de Libre Comercio significar\u00eda la reprimarizaci\u00f3n de la econom\u00eda nacional (ya en marcha con los tarifazos, la apertura indiscriminada de las importaciones, la destrucci\u00f3n del mercado interno), concentraci\u00f3n de la riqueza, y la destrucci\u00f3n sistem\u00e1tica de la industria argentina y su entramado productivo y la p\u00e9rdida de empleo industrial. POR QUE? Porque solo vender\u00edamos nuestra producci\u00f3n primaria, algo de carne, etanol, az\u00facar (no mucho m\u00e1s de lo que ya les vendemos) y a cambio sufriremos el ingreso ilimitado de productos industriales de la Uni\u00f3n Europea, sobre todo de los sectores automotrices, metalmec\u00e1nica, textil, calzado, etc.<\/div>\n<div dir=\"auto\">Es bueno en t\u00e9rminos comerciales? Es espantosamente malo, ya que esto agregar\u00eda un d\u00e9ficit comercial anual de algo m\u00e1s de USD 2.000. Argentina incrementar\u00eda muy poco sus exportaciones (primarias, como ya mencion\u00e9 anteriormente) y disminuir\u00eda considerablemente sus exportaciones (industriales), sobre todo porque Brasil (principal destino de nuestras exportaciones) sustituir\u00eda sus importaciones, compr\u00e1ndole a Europa mucho de lo que hoy nos compra a nosotros. Un combo verdaderamente nefasto para nuestra econom\u00eda y nuestra industria.<\/div>\n<div dir=\"auto\">El Mercosur tambi\u00e9n cedi\u00f3 a la UE el \u201cprincipio precautorio\u201d mediante el cual Europa puede frenar el ingreso de determinado producto primario si creen, discrecionalmente, que el ingreso de ese producto puede ocasionar alg\u00fan peligro sanitario o medioambiental. Una cuesti\u00f3n para nada menor.<\/div>\n<div dir=\"auto\">Pero adem\u00e1s del comercio de bienes, hay otros cap\u00edtulos referidos a compras p\u00fablicas, patentes, indicaciones geogr\u00e1ficas, entre otros. Todos muy desventajosos para nuestro pa\u00eds. Por ejemplo, a partir de la entrada en vigencia de este TLC y en el plazo de 7 a\u00f1os, las empresas europeas gozaran de trato preferencial (con el mismo r\u00e9gimen que las empresas nacionales) para acceder a licitaciones y compras p\u00fablicas del Estado argentino. Esto significa un claro retroceso en el compre nacional y en el desarrollo de proveedores locales, tales como ven\u00eda sucediendo, por ejemplo, con YPF.<\/div>\n<div dir=\"auto\">Tampoco hay disposiciones que tengan en cuenta las asimetr\u00edas existentes entre ambas regiones, m\u00e1s all\u00e1 de enunciaciones y expresiones de deseos. As\u00ed, no existen mecanismos que permitan equilibrar las notorias desventajas que hoy tienen nuestras pymes para competir con las empresas europeas. Mientras que en nuestro pa\u00eds se viven a\u00f1os de destrucci\u00f3n de todo el entramado productivo\/industrial, Europa viene de 40 a\u00f1os de implementar pol\u00edticas para el desarrollo de sus empresas, con programas de acceso al cr\u00e9dito e incorporaci\u00f3n de ciencia y tecnolog\u00eda para la innovaci\u00f3n productiva. Adem\u00e1s, con condiciones macroecon\u00f3micas totalmente desiguales, con una Europa con estabilidad econ\u00f3mica relativa y una Argentina con m\u00e1s del 50% de inflaci\u00f3n, con una tasa de inter\u00e9s del 70% y con un mercado interno devastado y marcado por la p\u00e9rdida de poder adquisitivo de los trabajadores. Alguien, realmente, puede pensar que nuestras empresas pueden competir de igual a igual con las europeas?<\/div>\n<div dir=\"auto\">Se elimina la posibilidad de aplicar retenciones a la exportaci\u00f3n de alimentos a la UE, se desregula la navegaci\u00f3n de mares y r\u00edos para el acceso de la flota mercante europea. Cuestiones de suma importancia para el desarrollo futuro de nuestro pa\u00eds y que afectan nuestra soberan\u00eda.<\/div>\n<div dir=\"auto\">En cuanto a las repercusiones, en Argentina mostraron su preocupaci\u00f3n y su rechazo las centrales sindicales y representantes de los trabajadores, las c\u00e1maras relacionadas a la industria nacional y todo el arco opositor. En Europa, quienes se muestran en contra del acuerdo son los pa\u00edses en donde el ingreso de los productos primarios del Mercosur les ocasionar\u00eda alg\u00fan perjuicio a determinados sectores, tal es el caso de los representantes agr\u00edcolas y ganaderos de Francia, Irlanda, Polonia. Toda una se\u00f1al sobre quienes ganan y quienes pierden en todo esto.<\/div>\n<div dir=\"auto\">En fin, los estudios llevados a cabo por la Canciller\u00eda argentina en los a\u00f1os 2013- 2015 mostraban impactos altamente negativos, con beneficios pr\u00e1cticamente nulos para la Argentina. Despu\u00e9s de 3 a\u00f1os de conceder a todo lo que fueron pidiendo desde Europa, el resultado es el mismo, o mucho peor aun para nuestros intereses.<\/div>\n<div dir=\"auto\">NADA PARA FESTEJAR, TODO PARA LAMENTAR, Y MUCHO POR HACER.<\/div>\n<div dir=\"auto\"><\/div>\n<div dir=\"auto\">Diputado del Mercosur. Comisi\u00f3n de Asuntos Econ\u00f3micos del Parlamento del Mercosur. Miembro de Eurolat. Integrante de la Secretar\u00eda de Pol\u00edtica Internacional de La C\u00e1mpora. Integrante de la Secretar\u00eda de Relaciones Internacionales del Partido Justicialista. Integrante de la Comisi\u00f3n de Integraci\u00f3n Regional del Instituto Patria.<\/div>\n","protected":false},"excerpt":{"rendered":"<p>Por Diego Mansilla. Lo primero que hay que decir es que todav\u00eda no existe ning\u00fan Acuerdo. No est\u00e1 firmado, y cuando eso suceda, primero deben comprobar que no haya ninguna cuesti\u00f3n legal afectada, comenzar\u00e1n con los trabajos de traducci\u00f3n a todos los idiomas de las partes intervinientes, y luego se comenzar\u00e1 con los mecanismos de <a href=\"https:\/\/armstrongyregion.com.ar\/diario\/tratado-de-libre-comercio-mercosur-union-europea-nada-para-ganar-mucho-para-perder\/\" title=\"Read more\" >&#8230;<\/a><\/p>\n","protected":false},"author":1,"featured_media":22243,"comment_status":"open","ping_status":"open","sticky":false,"template":"","format":"standard","meta":{"_jetpack_memberships_contains_paid_content":false,"footnotes":"","jetpack_publicize_message":"","jetpack_publicize_feature_enabled":true,"jetpack_social_post_already_shared":false,"jetpack_social_options":{"image_generator_settings":{"template":"highway","default_image_id":0,"enabled":false},"version":2}},"categories":[8,1,2,7,3],"tags":[8107,8106],"class_list":["post-22242","post","type-post","status-publish","format-standard","has-post-thumbnail","hentry","category-deliberando","category-diario-armstrong","category-locales","category-politica","category-region","tag-mucho-para-perder","tag-tratado-de-libre-comercio-mercosur-union-europea-nada-para-ganar"],"jetpack_publicize_connections":[],"jetpack_featured_media_url":"https:\/\/armstrongyregion.com.ar\/diario\/wp-content\/uploads\/2019\/07\/Diego-Mansilla-negativa-.jpg","jetpack_shortlink":"https:\/\/wp.me\/p62QDO-5MK","jetpack_sharing_enabled":true,"amp_enabled":true,"_links":{"self":[{"href":"https:\/\/armstrongyregion.com.ar\/diario\/wp-json\/wp\/v2\/posts\/22242","targetHints":{"allow":["GET"]}}],"collection":[{"href":"https:\/\/armstrongyregion.com.ar\/diario\/wp-json\/wp\/v2\/posts"}],"about":[{"href":"https:\/\/armstrongyregion.com.ar\/diario\/wp-json\/wp\/v2\/types\/post"}],"author":[{"embeddable":true,"href":"https:\/\/armstrongyregion.com.ar\/diario\/wp-json\/wp\/v2\/users\/1"}],"replies":[{"embeddable":true,"href":"https:\/\/armstrongyregion.com.ar\/diario\/wp-json\/wp\/v2\/comments?post=22242"}],"version-history":[{"count":0,"href":"https:\/\/armstrongyregion.com.ar\/diario\/wp-json\/wp\/v2\/posts\/22242\/revisions"}],"wp:featuredmedia":[{"embeddable":true,"href":"https:\/\/armstrongyregion.com.ar\/diario\/wp-json\/wp\/v2\/media\/22243"}],"wp:attachment":[{"href":"https:\/\/armstrongyregion.com.ar\/diario\/wp-json\/wp\/v2\/media?parent=22242"}],"wp:term":[{"taxonomy":"category","embeddable":true,"href":"https:\/\/armstrongyregion.com.ar\/diario\/wp-json\/wp\/v2\/categories?post=22242"},{"taxonomy":"post_tag","embeddable":true,"href":"https:\/\/armstrongyregion.com.ar\/diario\/wp-json\/wp\/v2\/tags?post=22242"}],"curies":[{"name":"wp","href":"https:\/\/api.w.org\/{rel}","templated":true}]}}