{"id":22235,"date":"2019-07-09T23:37:49","date_gmt":"2019-07-09T23:37:49","guid":{"rendered":"https:\/\/armstrongyregion.com.ar\/diario\/?p=22235"},"modified":"2019-07-09T23:37:49","modified_gmt":"2019-07-09T23:37:49","slug":"deliberando-hoy-actualidad-en-la-localidad-de-correa-y-proyectos-a-futuro","status":"publish","type":"post","link":"https:\/\/armstrongyregion.com.ar\/diario\/deliberando-hoy-actualidad-en-la-localidad-de-correa-y-proyectos-a-futuro\/","title":{"rendered":"DELIBERANDO: Hoy actualidad en la localidad de Correa y Proyectos a Futuro."},"content":{"rendered":"<p><a href=\"http:\/\/armstrongyregion.com.ar\/diario\/wp-content\/uploads\/2019\/07\/Nahuel-cejas-junio-19.jpg\"><img loading=\"lazy\" decoding=\"async\" class=\"alignnone size-full wp-image-22236\" src=\"http:\/\/armstrongyregion.com.ar\/diario\/wp-content\/uploads\/2019\/07\/Nahuel-cejas-junio-19.jpg\" alt=\"Nahuel-cejas-junio-19\" width=\"728\" height=\"466\" srcset=\"https:\/\/armstrongyregion.com.ar\/diario\/wp-content\/uploads\/2019\/07\/Nahuel-cejas-junio-19.jpg 728w, https:\/\/armstrongyregion.com.ar\/diario\/wp-content\/uploads\/2019\/07\/Nahuel-cejas-junio-19-300x192.jpg 300w\" sizes=\"auto, (max-width: 728px) 100vw, 728px\" \/><\/a>En el programa de hoy, contaremos con la presencia de Nahuel Cejas, el Pte Comunal electo el pasado 16 de junio, m\u00e1s joven de la Pcia de Santa Fe. Actualmente es funcionario, y nos informara sobre lo logrado para dicha comunidad y los proyectos a futuro.<\/p>\n<p><a href=\"http:\/\/armstrongyregion.com.ar\/diario\/wp-content\/uploads\/2019\/07\/Fabian-Cejas-Junio-19.jpg\"><img loading=\"lazy\" decoding=\"async\" class=\"alignnone size-full wp-image-22237\" src=\"http:\/\/armstrongyregion.com.ar\/diario\/wp-content\/uploads\/2019\/07\/Fabian-Cejas-Junio-19.jpg\" alt=\"Fabian-Cejas-Junio-19\" width=\"737\" height=\"466\" srcset=\"https:\/\/armstrongyregion.com.ar\/diario\/wp-content\/uploads\/2019\/07\/Fabian-Cejas-Junio-19.jpg 737w, https:\/\/armstrongyregion.com.ar\/diario\/wp-content\/uploads\/2019\/07\/Fabian-Cejas-Junio-19-300x190.jpg 300w\" sizes=\"auto, (max-width: 737px) 100vw, 737px\" \/><\/a>Luego compartiremos dos bloques con el actual Pte Comunal de Correa, Fabi\u00e1n Cejas, (Frente Progresista C\u00edvico y Social) quien le dio un giro hace 10 a\u00f1os a dicha comunidad, lo enorgullece la relaci\u00f3n y el fortalecimiento con las instituciones, la integraci\u00f3n, los avances en obra p\u00fablica y nos contara sobre todos los frentes abiertos que tiene en dicha \u00e1rea.<\/p>\n<p>DELIBERANDO, presentara a estos protagonistas hoy martes 9 de julio, a las 21hs por Cable Imagen Armstrong.<\/p>\n<p>Reiteraciones: Mi\u00e9rcoles 13,30hs y Domingo 12hs.<\/p>\n<p>&nbsp;<\/p>\n","protected":false},"excerpt":{"rendered":"<p>En el programa de hoy, contaremos con la presencia de Nahuel Cejas, el Pte Comunal electo el pasado 16 de junio, m\u00e1s joven de la Pcia de Santa Fe. Actualmente es funcionario, y nos informara sobre lo logrado para dicha comunidad y los proyectos a futuro. Luego compartiremos dos bloques con el actual Pte Comunal <a href=\"https:\/\/armstrongyregion.com.ar\/diario\/deliberando-hoy-actualidad-en-la-localidad-de-correa-y-proyectos-a-futuro\/\" title=\"Read more\" >&#8230;<\/a><\/p>\n","protected":false},"author":1,"featured_media":22236,"comment_status":"open","ping_status":"open","sticky":false,"template":"","format":"standard","meta":{"_jetpack_memberships_contains_paid_content":false,"footnotes":"","jetpack_publicize_message":"","jetpack_publicize_feature_enabled":true,"jetpack_social_post_already_shared":false,"jetpack_social_options":{"image_generator_settings":{"template":"highway","default_image_id":0,"enabled":false},"version":2}},"categories":[8,1,2,7,3],"tags":[8104],"class_list":["post-22235","post","type-post","status-publish","format-standard","has-post-thumbnail","hentry","category-deliberando","category-diario-armstrong","category-locales","category-politica","category-region","tag-deliberando-hoy-actualidad-en-la-localidad-de-correa-y-proyectos-a-futuro"],"jetpack_publicize_connections":[],"jetpack_featured_media_url":"https:\/\/armstrongyregion.com.ar\/diario\/wp-content\/uploads\/2019\/07\/Nahuel-cejas-junio-19.jpg","jetpack_shortlink":"https:\/\/wp.me\/p62QDO-5MD","jetpack_sharing_enabled":true,"amp_enabled":true,"_links":{"self":[{"href":"https:\/\/armstrongyregion.com.ar\/diario\/wp-json\/wp\/v2\/posts\/22235","targetHints":{"allow":["GET"]}}],"collection":[{"href":"https:\/\/armstrongyregion.com.ar\/diario\/wp-json\/wp\/v2\/posts"}],"about":[{"href":"https:\/\/armstrongyregion.com.ar\/diario\/wp-json\/wp\/v2\/types\/post"}],"author":[{"embeddable":true,"href":"https:\/\/armstrongyregion.com.ar\/diario\/wp-json\/wp\/v2\/users\/1"}],"replies":[{"embeddable":true,"href":"https:\/\/armstrongyregion.com.ar\/diario\/wp-json\/wp\/v2\/comments?post=22235"}],"version-history":[{"count":0,"href":"https:\/\/armstrongyregion.com.ar\/diario\/wp-json\/wp\/v2\/posts\/22235\/revisions"}],"wp:featuredmedia":[{"embeddable":true,"href":"https:\/\/armstrongyregion.com.ar\/diario\/wp-json\/wp\/v2\/media\/22236"}],"wp:attachment":[{"href":"https:\/\/armstrongyregion.com.ar\/diario\/wp-json\/wp\/v2\/media?parent=22235"}],"wp:term":[{"taxonomy":"category","embeddable":true,"href":"https:\/\/armstrongyregion.com.ar\/diario\/wp-json\/wp\/v2\/categories?post=22235"},{"taxonomy":"post_tag","embeddable":true,"href":"https:\/\/armstrongyregion.com.ar\/diario\/wp-json\/wp\/v2\/tags?post=22235"}],"curies":[{"name":"wp","href":"https:\/\/api.w.org\/{rel}","templated":true}]}}