{"id":22232,"date":"2019-07-08T13:59:55","date_gmt":"2019-07-08T13:59:55","guid":{"rendered":"https:\/\/armstrongyregion.com.ar\/diario\/?p=22232"},"modified":"2019-07-08T13:59:55","modified_gmt":"2019-07-08T13:59:55","slug":"psicologia-miedos-angustias-fobias-por-psic-erica-torre","status":"publish","type":"post","link":"https:\/\/armstrongyregion.com.ar\/diario\/psicologia-miedos-angustias-fobias-por-psic-erica-torre\/","title":{"rendered":"Psicolog\u00eda. Miedos, angustias, fobias. Por Psic. Erica Torre."},"content":{"rendered":"<p><a href=\"http:\/\/armstrongyregion.com.ar\/diario\/wp-content\/uploads\/2019\/07\/Erica-Torre-.jpg\"><img loading=\"lazy\" decoding=\"async\" class=\"alignnone size-full wp-image-22233\" src=\"http:\/\/armstrongyregion.com.ar\/diario\/wp-content\/uploads\/2019\/07\/Erica-Torre-.jpg\" alt=\"Erica Torre-\" width=\"768\" height=\"386\" srcset=\"https:\/\/armstrongyregion.com.ar\/diario\/wp-content\/uploads\/2019\/07\/Erica-Torre-.jpg 768w, https:\/\/armstrongyregion.com.ar\/diario\/wp-content\/uploads\/2019\/07\/Erica-Torre--300x151.jpg 300w\" sizes=\"auto, (max-width: 768px) 100vw, 768px\" \/><\/a>\u00bfQu\u00e9 es el miedo?<\/p>\n<p>El miedo, es una emoci\u00f3n b\u00e1sica y primaria, ya que se encuentra en todas las culturas y sentirla trae grandes consecuencias sobre el organismo. Es una emoci\u00f3n desagradable, ya que nos hace sentir mal (aunque no negativa, ya que sentir emociones siempre es positivo, sean cuales sean). Tambi\u00e9n es una emoci\u00f3n pasiva, ya que trata de retirarnos de lo que ocurre. Cuando sentimos miedo, nos lleva a sentirnos tambi\u00e9n indefensos. Lo que ocurre cuando sentimos miedo, es que nos retiramos.<\/p>\n<p>\u00bfPara qu\u00e9 sirve el miedo? Funciones y efectos<\/p>\n<p>Resumiendo mucho, el miedo sirve para sobrevivir, es un mecanismo adapativo a un entorno que, en ocasiones, nos da motivos para temerlo.<\/p>\n<p>As\u00ed que el miedo solo es una emoci\u00f3n que reacciona en funci\u00f3n de nuestros patrones mentales, de nuestras creencias y pensamientos. El miedo en s\u00ed mismo es positivo, nos ayuda a alejarnos de un suceso para el cual todav\u00eda no estamos preparados.<\/p>\n<p>\u00bfCu\u00e1ndo el miedo es un problema?<\/p>\n<p>El miedo es un problema cuando es disfuncional. Es importante aclarar que no existen emociones positivas o negativas. Sentir emociones es positivo, siempre es positivo sentir cualquier emoci\u00f3n, ya que tienen alg\u00fan tipo de utilidad y nosotros debemos sentir nuestras emociones con libertad en lugar de reprimirlas o tratar de controlarlas.<\/p>\n<p>El problema, con cualquier emoci\u00f3n, es cuando nuestras creencias e interpretaciones hacen que sintamos miedo de forma disfuncional, es decir, lo que ocurre a consecuencia de sentir ese miedo es a\u00fan peor que lo que ocurrir\u00eda si no lo sinti\u00e9ramos. Ejemplo: muchas veces no hacemos lo que deseamos y es realmente importante en nuestra vida porque tenemos miedo de lo que puede ocurrir (viajar, ir a otro pa\u00eds a vivir, iniciar un negocio propio, comenzar una relaci\u00f3n sentimental, hacer algo nuevo por nuestros propios medios, hablar en p\u00fablico, bailar frente a otras personas, etc.).<\/p>\n<p>Si gestionamos de forma disfuncional nuestro miedo, nos frenar\u00e1 demasiado. Recuerda: el miedo no es un problema, solo nos obedece&#8230; El problema es lo que hacemos con el miedo.<\/p>\n<p>Tambi\u00e9n haremos un recorrido por los siguientes temas:<\/p>\n<p>S\u00edndrome de Burnout o estr\u00e9s laboral, S\u00edndrome oposicionista \u00a0desafiante, Angustias y Fobias.<\/p>\n<p>Fuente: Programa Prevenci\u00f3n y Salud. Por Psic. Erica Torre.<\/p>\n<p>Programa Estreno Lunes 8 de Julio 13,30hs. Jueves 20hs y S\u00e1bados 12,30hs.<\/p>\n","protected":false},"excerpt":{"rendered":"<p>\u00bfQu\u00e9 es el miedo? El miedo, es una emoci\u00f3n b\u00e1sica y primaria, ya que se encuentra en todas las culturas y sentirla trae grandes consecuencias sobre el organismo. Es una emoci\u00f3n desagradable, ya que nos hace sentir mal (aunque no negativa, ya que sentir emociones siempre es positivo, sean cuales sean). Tambi\u00e9n es una emoci\u00f3n <a href=\"https:\/\/armstrongyregion.com.ar\/diario\/psicologia-miedos-angustias-fobias-por-psic-erica-torre\/\" title=\"Read more\" >&#8230;<\/a><\/p>\n","protected":false},"author":1,"featured_media":22233,"comment_status":"open","ping_status":"open","sticky":false,"template":"","format":"standard","meta":{"_jetpack_memberships_contains_paid_content":false,"footnotes":"","jetpack_publicize_message":"","jetpack_publicize_feature_enabled":true,"jetpack_social_post_already_shared":false,"jetpack_social_options":{"image_generator_settings":{"template":"highway","default_image_id":0,"enabled":false},"version":2}},"categories":[8,1,2,4,3],"tags":[8102,8103,8101],"class_list":["post-22232","post","type-post","status-publish","format-standard","has-post-thumbnail","hentry","category-deliberando","category-diario-armstrong","category-locales","category-prevencion-salud","category-region","tag-angustias","tag-fobias-por-psic-erica-torre","tag-psicologia-miedos"],"jetpack_publicize_connections":[],"jetpack_featured_media_url":"https:\/\/armstrongyregion.com.ar\/diario\/wp-content\/uploads\/2019\/07\/Erica-Torre-.jpg","jetpack_shortlink":"https:\/\/wp.me\/p62QDO-5MA","jetpack_sharing_enabled":true,"amp_enabled":true,"_links":{"self":[{"href":"https:\/\/armstrongyregion.com.ar\/diario\/wp-json\/wp\/v2\/posts\/22232","targetHints":{"allow":["GET"]}}],"collection":[{"href":"https:\/\/armstrongyregion.com.ar\/diario\/wp-json\/wp\/v2\/posts"}],"about":[{"href":"https:\/\/armstrongyregion.com.ar\/diario\/wp-json\/wp\/v2\/types\/post"}],"author":[{"embeddable":true,"href":"https:\/\/armstrongyregion.com.ar\/diario\/wp-json\/wp\/v2\/users\/1"}],"replies":[{"embeddable":true,"href":"https:\/\/armstrongyregion.com.ar\/diario\/wp-json\/wp\/v2\/comments?post=22232"}],"version-history":[{"count":0,"href":"https:\/\/armstrongyregion.com.ar\/diario\/wp-json\/wp\/v2\/posts\/22232\/revisions"}],"wp:featuredmedia":[{"embeddable":true,"href":"https:\/\/armstrongyregion.com.ar\/diario\/wp-json\/wp\/v2\/media\/22233"}],"wp:attachment":[{"href":"https:\/\/armstrongyregion.com.ar\/diario\/wp-json\/wp\/v2\/media?parent=22232"}],"wp:term":[{"taxonomy":"category","embeddable":true,"href":"https:\/\/armstrongyregion.com.ar\/diario\/wp-json\/wp\/v2\/categories?post=22232"},{"taxonomy":"post_tag","embeddable":true,"href":"https:\/\/armstrongyregion.com.ar\/diario\/wp-json\/wp\/v2\/tags?post=22232"}],"curies":[{"name":"wp","href":"https:\/\/api.w.org\/{rel}","templated":true}]}}