{"id":22222,"date":"2019-07-05T12:33:36","date_gmt":"2019-07-05T12:33:36","guid":{"rendered":"https:\/\/armstrongyregion.com.ar\/diario\/?p=22222"},"modified":"2019-07-05T12:33:36","modified_gmt":"2019-07-05T12:33:36","slug":"armstrong-el-lunes-8-de-julio-habra-recoleccion-de-residuos","status":"publish","type":"post","link":"https:\/\/armstrongyregion.com.ar\/diario\/armstrong-el-lunes-8-de-julio-habra-recoleccion-de-residuos\/","title":{"rendered":"Armstrong. El lunes 8 de julio habr\u00e1 recolecci\u00f3n de residuos."},"content":{"rendered":"<p><a href=\"http:\/\/armstrongyregion.com.ar\/diario\/wp-content\/uploads\/2018\/05\/recoleccion-residuos.jpg\"><img loading=\"lazy\" decoding=\"async\" class=\"alignnone size-full wp-image-17277\" src=\"http:\/\/armstrongyregion.com.ar\/diario\/wp-content\/uploads\/2018\/05\/recoleccion-residuos.jpg\" alt=\"recoleccion residuos\" width=\"768\" height=\"542\" srcset=\"https:\/\/armstrongyregion.com.ar\/diario\/wp-content\/uploads\/2018\/05\/recoleccion-residuos.jpg 768w, https:\/\/armstrongyregion.com.ar\/diario\/wp-content\/uploads\/2018\/05\/recoleccion-residuos-300x212.jpg 300w\" sizes=\"auto, (max-width: 768px) 100vw, 768px\" \/><\/a>La Municipalidad de Armstrong a trav\u00e9s de la Secretar\u00eda de\u00a0 Obras y Servicios P\u00fablicos informa que el d\u00eda lunes 8 de julio, feriado puente, se mantendr\u00e1 con normalidad el cronograma de recolecci\u00f3n de residuos domiciliarios, en los horarios habituales.<\/p>\n<p>&nbsp;<\/p>\n","protected":false},"excerpt":{"rendered":"<p>La Municipalidad de Armstrong a trav\u00e9s de la Secretar\u00eda de\u00a0 Obras y Servicios P\u00fablicos informa que el d\u00eda lunes 8 de julio, feriado puente, se mantendr\u00e1 con normalidad el cronograma de recolecci\u00f3n de residuos domiciliarios, en los horarios habituales. &nbsp;<\/p>\n","protected":false},"author":1,"featured_media":17277,"comment_status":"open","ping_status":"open","sticky":false,"template":"","format":"standard","meta":{"_jetpack_memberships_contains_paid_content":false,"footnotes":"","jetpack_publicize_message":"","jetpack_publicize_feature_enabled":true,"jetpack_social_post_already_shared":false,"jetpack_social_options":{"image_generator_settings":{"template":"highway","default_image_id":0,"enabled":false},"version":2}},"categories":[8,1,2],"tags":[8096],"class_list":["post-22222","post","type-post","status-publish","format-standard","has-post-thumbnail","hentry","category-deliberando","category-diario-armstrong","category-locales","tag-el-lunes-8-de-julio-habra-recoleccion-de-residuos"],"jetpack_publicize_connections":[],"jetpack_featured_media_url":"https:\/\/armstrongyregion.com.ar\/diario\/wp-content\/uploads\/2018\/05\/recoleccion-residuos.jpg","jetpack_shortlink":"https:\/\/wp.me\/p62QDO-5Mq","jetpack_sharing_enabled":true,"amp_enabled":true,"_links":{"self":[{"href":"https:\/\/armstrongyregion.com.ar\/diario\/wp-json\/wp\/v2\/posts\/22222","targetHints":{"allow":["GET"]}}],"collection":[{"href":"https:\/\/armstrongyregion.com.ar\/diario\/wp-json\/wp\/v2\/posts"}],"about":[{"href":"https:\/\/armstrongyregion.com.ar\/diario\/wp-json\/wp\/v2\/types\/post"}],"author":[{"embeddable":true,"href":"https:\/\/armstrongyregion.com.ar\/diario\/wp-json\/wp\/v2\/users\/1"}],"replies":[{"embeddable":true,"href":"https:\/\/armstrongyregion.com.ar\/diario\/wp-json\/wp\/v2\/comments?post=22222"}],"version-history":[{"count":0,"href":"https:\/\/armstrongyregion.com.ar\/diario\/wp-json\/wp\/v2\/posts\/22222\/revisions"}],"wp:featuredmedia":[{"embeddable":true,"href":"https:\/\/armstrongyregion.com.ar\/diario\/wp-json\/wp\/v2\/media\/17277"}],"wp:attachment":[{"href":"https:\/\/armstrongyregion.com.ar\/diario\/wp-json\/wp\/v2\/media?parent=22222"}],"wp:term":[{"taxonomy":"category","embeddable":true,"href":"https:\/\/armstrongyregion.com.ar\/diario\/wp-json\/wp\/v2\/categories?post=22222"},{"taxonomy":"post_tag","embeddable":true,"href":"https:\/\/armstrongyregion.com.ar\/diario\/wp-json\/wp\/v2\/tags?post=22222"}],"curies":[{"name":"wp","href":"https:\/\/api.w.org\/{rel}","templated":true}]}}