{"id":22168,"date":"2019-07-02T13:38:58","date_gmt":"2019-07-02T13:38:58","guid":{"rendered":"https:\/\/armstrongyregion.com.ar\/diario\/?p=22168"},"modified":"2019-07-02T13:38:58","modified_gmt":"2019-07-02T13:38:58","slug":"proyecto-de-ley-homenaje-al-padre-amiratti","status":"publish","type":"post","link":"https:\/\/armstrongyregion.com.ar\/diario\/proyecto-de-ley-homenaje-al-padre-amiratti\/","title":{"rendered":"Proyecto de Ley homenaje al Padre Amiratti."},"content":{"rendered":"<p><a href=\"http:\/\/armstrongyregion.com.ar\/diario\/wp-content\/uploads\/2019\/07\/IMG-20190630-WA0122.jpg\"><img loading=\"lazy\" decoding=\"async\" class=\"alignnone size-full wp-image-22169\" src=\"http:\/\/armstrongyregion.com.ar\/diario\/wp-content\/uploads\/2019\/07\/IMG-20190630-WA0122.jpg\" alt=\"IMG-20190630-WA0122\" width=\"768\" height=\"576\" srcset=\"https:\/\/armstrongyregion.com.ar\/diario\/wp-content\/uploads\/2019\/07\/IMG-20190630-WA0122.jpg 768w, https:\/\/armstrongyregion.com.ar\/diario\/wp-content\/uploads\/2019\/07\/IMG-20190630-WA0122-300x225.jpg 300w\" sizes=\"auto, (max-width: 768px) 100vw, 768px\" \/><\/a>Este domingo durante la Charla-Debate: \u201cA 50 a\u00f1os de la pueblada en defensa del Padre Amirati\u201d llevada a cabo en la Biblioteca Popular \u201cPablo A. Pizzurno\u201d de Ca\u00f1ada de G\u00f3mez, se present\u00f3 un proyecto de ley impulsado por el Senador Hugo Jes\u00fas Rasetto para imponer como nombre de un sitio p\u00fablico dentro de Ca\u00f1ada de G\u00f3mez, la denominaci\u00f3n \u201cPadre Armando Amirati\u201d, en honor al P\u00e1rroco de la Iglesia San Pedro Ap\u00f3stol de Ca\u00f1ada de G\u00f3mez.<\/p>\n<p>El proyecto, que ser\u00e1 ingresado en la legislatura santafesina, establece que la resoluci\u00f3n del sitio a designar deber\u00e1 ser a trav\u00e9s de un mecanismo participativo que contenga a la Ciudadan\u00eda, e incluya a las fuerzas culturales, pol\u00edticas, sociales y econ\u00f3micas de la Ciudad.<\/p>\n<p>&nbsp;<\/p>\n","protected":false},"excerpt":{"rendered":"<p>Este domingo durante la Charla-Debate: \u201cA 50 a\u00f1os de la pueblada en defensa del Padre Amirati\u201d llevada a cabo en la Biblioteca Popular \u201cPablo A. Pizzurno\u201d de Ca\u00f1ada de G\u00f3mez, se present\u00f3 un proyecto de ley impulsado por el Senador Hugo Jes\u00fas Rasetto para imponer como nombre de un sitio p\u00fablico dentro de Ca\u00f1ada de <a href=\"https:\/\/armstrongyregion.com.ar\/diario\/proyecto-de-ley-homenaje-al-padre-amiratti\/\" title=\"Read more\" >&#8230;<\/a><\/p>\n","protected":false},"author":1,"featured_media":22169,"comment_status":"open","ping_status":"open","sticky":false,"template":"","format":"standard","meta":{"_jetpack_memberships_contains_paid_content":false,"footnotes":"","jetpack_publicize_message":"","jetpack_publicize_feature_enabled":true,"jetpack_social_post_already_shared":false,"jetpack_social_options":{"image_generator_settings":{"template":"highway","default_image_id":0,"enabled":false},"version":2}},"categories":[8,1,7,3],"tags":[8079],"class_list":["post-22168","post","type-post","status-publish","format-standard","has-post-thumbnail","hentry","category-deliberando","category-diario-armstrong","category-politica","category-region","tag-proyecto-de-ley-homenaje-al-padre-amiratti"],"jetpack_publicize_connections":[],"jetpack_featured_media_url":"https:\/\/armstrongyregion.com.ar\/diario\/wp-content\/uploads\/2019\/07\/IMG-20190630-WA0122.jpg","jetpack_shortlink":"https:\/\/wp.me\/p62QDO-5Ly","jetpack_sharing_enabled":true,"amp_enabled":true,"_links":{"self":[{"href":"https:\/\/armstrongyregion.com.ar\/diario\/wp-json\/wp\/v2\/posts\/22168","targetHints":{"allow":["GET"]}}],"collection":[{"href":"https:\/\/armstrongyregion.com.ar\/diario\/wp-json\/wp\/v2\/posts"}],"about":[{"href":"https:\/\/armstrongyregion.com.ar\/diario\/wp-json\/wp\/v2\/types\/post"}],"author":[{"embeddable":true,"href":"https:\/\/armstrongyregion.com.ar\/diario\/wp-json\/wp\/v2\/users\/1"}],"replies":[{"embeddable":true,"href":"https:\/\/armstrongyregion.com.ar\/diario\/wp-json\/wp\/v2\/comments?post=22168"}],"version-history":[{"count":0,"href":"https:\/\/armstrongyregion.com.ar\/diario\/wp-json\/wp\/v2\/posts\/22168\/revisions"}],"wp:featuredmedia":[{"embeddable":true,"href":"https:\/\/armstrongyregion.com.ar\/diario\/wp-json\/wp\/v2\/media\/22169"}],"wp:attachment":[{"href":"https:\/\/armstrongyregion.com.ar\/diario\/wp-json\/wp\/v2\/media?parent=22168"}],"wp:term":[{"taxonomy":"category","embeddable":true,"href":"https:\/\/armstrongyregion.com.ar\/diario\/wp-json\/wp\/v2\/categories?post=22168"},{"taxonomy":"post_tag","embeddable":true,"href":"https:\/\/armstrongyregion.com.ar\/diario\/wp-json\/wp\/v2\/tags?post=22168"}],"curies":[{"name":"wp","href":"https:\/\/api.w.org\/{rel}","templated":true}]}}