{"id":22160,"date":"2019-07-01T15:33:19","date_gmt":"2019-07-01T15:33:19","guid":{"rendered":"https:\/\/armstrongyregion.com.ar\/diario\/?p=22160"},"modified":"2019-07-01T15:38:28","modified_gmt":"2019-07-01T15:38:28","slug":"fundacion-cultural-bemba-colora","status":"publish","type":"post","link":"https:\/\/armstrongyregion.com.ar\/diario\/fundacion-cultural-bemba-colora\/","title":{"rendered":"Fundaci\u00f3n Cultural Bemba Color\u00e1."},"content":{"rendered":"<p><a href=\"http:\/\/armstrongyregion.com.ar\/diario\/wp-content\/uploads\/2018\/06\/bemba-colora.jpg\"><img loading=\"lazy\" decoding=\"async\" class=\"alignnone size-full wp-image-17656\" src=\"http:\/\/armstrongyregion.com.ar\/diario\/wp-content\/uploads\/2018\/06\/bemba-colora.jpg\" alt=\"bemba-colora\" width=\"768\" height=\"524\" srcset=\"https:\/\/armstrongyregion.com.ar\/diario\/wp-content\/uploads\/2018\/06\/bemba-colora.jpg 768w, https:\/\/armstrongyregion.com.ar\/diario\/wp-content\/uploads\/2018\/06\/bemba-colora-300x205.jpg 300w\" sizes=\"auto, (max-width: 768px) 100vw, 768px\" \/><\/a>bemba Desde este 2019, la ciudad cuenta con un nuevo espacio cultural que nace ante el deseo de un lugar donde los distintos lenguajes art\u00edsticos culturales puedan encontrarse: el Espacio Cultural Bemba Color\u00e1.<\/p>\n<p>Un espacio que es, a la vez, tiempo: tiempo para explorar desde la multiplicidad de sentidos, tiempo de libertad para poder crear, tiempo para encontrarnos con nosotros mismos y con los dem\u00e1s, tiempo donde lo que se aprende no se olvida nunca m\u00e1s.<\/p>\n<p>Este espacio est\u00e1 dentro de un marco legal y se crea como una Fundaci\u00f3n, hoy en proceso de formaci\u00f3n, ya que es una organizaci\u00f3n sin fines de lucro que se direcciona a la realizaci\u00f3n de actividades y fines de inter\u00e9s general, beneficiando as\u00ed a diversos colectivos.<\/p>\n<p><a href=\"http:\/\/armstrongyregion.com.ar\/diario\/wp-content\/uploads\/2018\/06\/bemba-america.jpg\"><img loading=\"lazy\" decoding=\"async\" class=\"alignnone size-full wp-image-17657\" src=\"http:\/\/armstrongyregion.com.ar\/diario\/wp-content\/uploads\/2018\/06\/bemba-america.jpg\" alt=\"bemba-america\" width=\"768\" height=\"553\" srcset=\"https:\/\/armstrongyregion.com.ar\/diario\/wp-content\/uploads\/2018\/06\/bemba-america.jpg 768w, https:\/\/armstrongyregion.com.ar\/diario\/wp-content\/uploads\/2018\/06\/bemba-america-300x216.jpg 300w\" sizes=\"auto, (max-width: 768px) 100vw, 768px\" \/><\/a>El objetivo de la Fundaci\u00f3n es promover el desarrollo de toda clase de actividades culturales y art\u00edsticas en la ciudad y la regi\u00f3n, incrementar la producci\u00f3n, apreciaci\u00f3n y consumo de todo tipo de manifestaci\u00f3n de las mismas y alentar la difusi\u00f3n y el intercambio cultural en la comunidad, impulsando su uso como herramienta de inclusi\u00f3n social e integraci\u00f3n colectiva, con la finalidad de mejorar la calidad de vida de los distintos sectores sociales y generar, en definitiva, una conciencia colectiva de cultura ciudadana.<\/p>\n<p>Un numeroso grupo de artistas voluntarios se pusieron la camiseta y trabajan codo a codo con el art\u00edfice de este proyecto, el Prof. Mauricio Verstraete, aportando no s\u00f3lo ideas sino un consistente trabajo.<\/p>\n<p><a href=\"http:\/\/armstrongyregion.com.ar\/diario\/wp-content\/uploads\/2019\/07\/bemba-1-.jpg\"><img loading=\"lazy\" decoding=\"async\" class=\"alignnone size-full wp-image-22163\" src=\"http:\/\/armstrongyregion.com.ar\/diario\/wp-content\/uploads\/2019\/07\/bemba-1-.jpg\" alt=\"bemba-1-\" width=\"768\" height=\"296\" srcset=\"https:\/\/armstrongyregion.com.ar\/diario\/wp-content\/uploads\/2019\/07\/bemba-1-.jpg 768w, https:\/\/armstrongyregion.com.ar\/diario\/wp-content\/uploads\/2019\/07\/bemba-1--300x116.jpg 300w\" sizes=\"auto, (max-width: 768px) 100vw, 768px\" \/><\/a><\/p>\n<p>El 16 de marzo de este a\u00f1o, se iniciaron las clases de variados cursos en el local ubicado en la intersecci\u00f3n de calles Fischer Bis y Pte. Per\u00f3n, y los mismos son: folclore para adultos, ni\u00f1os y adolescentes, malambo, salsa, taller literario, yoga, guitarra, porcelana fr\u00eda, tejido crochet y 2 agujas, tango, canto, lenguaje de se\u00f1as y teatro, mientras que el n\u00famero de asistentes, hasta el momento, supera las 200 personas.<\/p>\n<p>En breve se comenzar\u00e1 a trabajar en las refacciones necesarias para acondicionar espacios en la casona ubicada en Fischer y 14 de Diciembre, donde se generar\u00e1n m\u00e1s actividades destinadas a toda la comunidad.<\/p>\n<p>Ambos espacios funcionar\u00e1n de manera simult\u00e1nea brindando mayor cantidad y calidad de encuentros a las distintas maneras de decir, expresar, mirar, contar, narrar, cantar o bailar\u2026<\/p>\n<p>La Comisi\u00f3n de la Fundaci\u00f3n est\u00e1 integrada de la siguiente manera:<\/p>\n<p>Presidente: Mauricio A. Verstraete\u00a0\u00a0\u00a0\u00a0\u00a0\u00a0\u00a0\u00a0\u00a0\u00a0\u00a0\u00a0\u00a0\u00a0\u00a0\u00a0\u00a0\u00a0\u00a0\u00a0\u00a0\u00a0\u00a0\u00a0\u00a0\u00a0\u00a0\u00a0\u00a0\u00a0\u00a0\u00a0\u00a0\u00a0\u00a0\u00a0\u00a0\u00a0\u00a0\u00a0\u00a0\u00a0\u00a0\u00a0\u00a0\u00a0\u00a0\u00a0\u00a0\u00a0\u00a0\u00a0\u00a0\u00a0\u00a0\u00a0\u00a0\u00a0\u00a0\u00a0\u00a0\u00a0\u00a0\u00a0\u00a0\u00a0\u00a0\u00a0\u00a0\u00a0\u00a0\u00a0\u00a0\u00a0\u00a0\u00a0\u00a0\u00a0\u00a0\u00a0\u00a0\u00a0\u00a0\u00a0\u00a0\u00a0\u00a0\u00a0\u00a0\u00a0\u00a0\u00a0\u00a0\u00a0\u00a0\u00a0\u00a0\u00a0\u00a0\u00a0\u00a0\u00a0\u00a0\u00a0\u00a0\u00a0\u00a0\u00a0\u00a0\u00a0\u00a0\u00a0\u00a0\u00a0\u00a0\u00a0\u00a0\u00a0\u00a0\u00a0\u00a0\u00a0 \u00a0\u00a0\u00a0\u00a0\u00a0\u00a0\u00a0\u00a0\u00a0\u00a0\u00a0\u00a0\u00a0Vicepresidente: Carlos M. Cuffia\u00a0\u00a0\u00a0\u00a0\u00a0\u00a0\u00a0\u00a0\u00a0\u00a0\u00a0\u00a0\u00a0\u00a0\u00a0\u00a0\u00a0\u00a0\u00a0\u00a0\u00a0\u00a0\u00a0\u00a0\u00a0\u00a0\u00a0\u00a0\u00a0\u00a0\u00a0\u00a0\u00a0\u00a0\u00a0\u00a0\u00a0\u00a0\u00a0\u00a0\u00a0\u00a0\u00a0\u00a0\u00a0\u00a0\u00a0\u00a0\u00a0\u00a0\u00a0\u00a0\u00a0\u00a0\u00a0\u00a0\u00a0\u00a0\u00a0\u00a0\u00a0\u00a0\u00a0\u00a0\u00a0\u00a0\u00a0\u00a0\u00a0\u00a0\u00a0\u00a0\u00a0\u00a0\u00a0\u00a0\u00a0\u00a0\u00a0\u00a0\u00a0\u00a0\u00a0\u00a0\u00a0\u00a0\u00a0\u00a0\u00a0\u00a0\u00a0\u00a0\u00a0\u00a0\u00a0\u00a0\u00a0\u00a0\u00a0\u00a0\u00a0\u00a0\u00a0\u00a0\u00a0\u00a0\u00a0\u00a0\u00a0\u00a0\u00a0\u00a0\u00a0\u00a0\u00a0\u00a0\u00a0\u00a0\u00a0\u00a0\u00a0\u00a0\u00a0\u00a0\u00a0\u00a0\u00a0\u00a0\u00a0\u00a0\u00a0\u00a0\u00a0 Secretario: Ivana B. Ciccocioppo\u00a0\u00a0\u00a0\u00a0\u00a0\u00a0\u00a0\u00a0\u00a0\u00a0\u00a0\u00a0\u00a0\u00a0\u00a0\u00a0\u00a0\u00a0\u00a0\u00a0\u00a0\u00a0\u00a0\u00a0\u00a0\u00a0\u00a0\u00a0\u00a0\u00a0\u00a0\u00a0\u00a0\u00a0\u00a0\u00a0\u00a0\u00a0\u00a0\u00a0\u00a0\u00a0\u00a0\u00a0 \u00a0\u00a0\u00a0\u00a0\u00a0\u00a0\u00a0\u00a0\u00a0\u00a0\u00a0\u00a0\u00a0\u00a0\u00a0\u00a0\u00a0\u00a0\u00a0\u00a0\u00a0\u00a0\u00a0\u00a0\u00a0\u00a0\u00a0\u00a0\u00a0\u00a0\u00a0\u00a0\u00a0\u00a0\u00a0\u00a0\u00a0\u00a0\u00a0\u00a0\u00a0\u00a0\u00a0\u00a0\u00a0\u00a0\u00a0\u00a0\u00a0\u00a0\u00a0\u00a0\u00a0\u00a0\u00a0\u00a0\u00a0\u00a0\u00a0\u00a0\u00a0\u00a0\u00a0\u00a0\u00a0\u00a0\u00a0\u00a0\u00a0\u00a0\u00a0\u00a0\u00a0\u00a0\u00a0\u00a0\u00a0\u00a0\u00a0\u00a0\u00a0\u00a0\u00a0\u00a0\u00a0Tesorero: Anah\u00ed C. Torres<\/p>\n","protected":false},"excerpt":{"rendered":"<p>bemba Desde este 2019, la ciudad cuenta con un nuevo espacio cultural que nace ante el deseo de un lugar donde los distintos lenguajes art\u00edsticos culturales puedan encontrarse: el Espacio Cultural Bemba Color\u00e1. Un espacio que es, a la vez, tiempo: tiempo para explorar desde la multiplicidad de sentidos, tiempo de libertad para poder crear, <a href=\"https:\/\/armstrongyregion.com.ar\/diario\/fundacion-cultural-bemba-colora\/\" title=\"Read more\" >&#8230;<\/a><\/p>\n","protected":false},"author":1,"featured_media":19778,"comment_status":"open","ping_status":"open","sticky":false,"template":"","format":"standard","meta":{"_jetpack_memberships_contains_paid_content":false,"footnotes":"","jetpack_publicize_message":"","jetpack_publicize_feature_enabled":true,"jetpack_social_post_already_shared":false,"jetpack_social_options":{"image_generator_settings":{"template":"highway","default_image_id":0,"enabled":false},"version":2}},"categories":[6,8,1,2,3],"tags":[8077],"class_list":["post-22160","post","type-post","status-publish","format-standard","has-post-thumbnail","hentry","category-cultura-entretenimiento","category-deliberando","category-diario-armstrong","category-locales","category-region","tag-fundacion-cultural-bemba-colora"],"jetpack_publicize_connections":[],"jetpack_featured_media_url":"https:\/\/armstrongyregion.com.ar\/diario\/wp-content\/uploads\/2018\/12\/Bemba-Tierra-mia.jpg","jetpack_shortlink":"https:\/\/wp.me\/p62QDO-5Lq","jetpack_sharing_enabled":true,"amp_enabled":true,"_links":{"self":[{"href":"https:\/\/armstrongyregion.com.ar\/diario\/wp-json\/wp\/v2\/posts\/22160","targetHints":{"allow":["GET"]}}],"collection":[{"href":"https:\/\/armstrongyregion.com.ar\/diario\/wp-json\/wp\/v2\/posts"}],"about":[{"href":"https:\/\/armstrongyregion.com.ar\/diario\/wp-json\/wp\/v2\/types\/post"}],"author":[{"embeddable":true,"href":"https:\/\/armstrongyregion.com.ar\/diario\/wp-json\/wp\/v2\/users\/1"}],"replies":[{"embeddable":true,"href":"https:\/\/armstrongyregion.com.ar\/diario\/wp-json\/wp\/v2\/comments?post=22160"}],"version-history":[{"count":0,"href":"https:\/\/armstrongyregion.com.ar\/diario\/wp-json\/wp\/v2\/posts\/22160\/revisions"}],"wp:featuredmedia":[{"embeddable":true,"href":"https:\/\/armstrongyregion.com.ar\/diario\/wp-json\/wp\/v2\/media\/19778"}],"wp:attachment":[{"href":"https:\/\/armstrongyregion.com.ar\/diario\/wp-json\/wp\/v2\/media?parent=22160"}],"wp:term":[{"taxonomy":"category","embeddable":true,"href":"https:\/\/armstrongyregion.com.ar\/diario\/wp-json\/wp\/v2\/categories?post=22160"},{"taxonomy":"post_tag","embeddable":true,"href":"https:\/\/armstrongyregion.com.ar\/diario\/wp-json\/wp\/v2\/tags?post=22160"}],"curies":[{"name":"wp","href":"https:\/\/api.w.org\/{rel}","templated":true}]}}