{"id":22157,"date":"2019-07-01T15:21:14","date_gmt":"2019-07-01T15:21:14","guid":{"rendered":"https:\/\/armstrongyregion.com.ar\/diario\/?p=22157"},"modified":"2019-07-01T15:21:14","modified_gmt":"2019-07-01T15:21:14","slug":"el-humo-de-la-somnolencia-se-presentara-en-rosario","status":"publish","type":"post","link":"https:\/\/armstrongyregion.com.ar\/diario\/el-humo-de-la-somnolencia-se-presentara-en-rosario\/","title":{"rendered":"\u00abEl Humo de la Somnolencia\u00bb se presentara en Rosario."},"content":{"rendered":"<p><strong><a href=\"http:\/\/armstrongyregion.com.ar\/diario\/wp-content\/uploads\/2019\/07\/flyer-Humo.jpg\"><img loading=\"lazy\" decoding=\"async\" class=\"alignnone size-full wp-image-22158\" src=\"http:\/\/armstrongyregion.com.ar\/diario\/wp-content\/uploads\/2019\/07\/flyer-Humo.jpg\" alt=\"flyer Humo\" width=\"400\" height=\"494\" srcset=\"https:\/\/armstrongyregion.com.ar\/diario\/wp-content\/uploads\/2019\/07\/flyer-Humo.jpg 400w, https:\/\/armstrongyregion.com.ar\/diario\/wp-content\/uploads\/2019\/07\/flyer-Humo-243x300.jpg 243w\" sizes=\"auto, (max-width: 400px) 100vw, 400px\" \/><\/a>\u201c<\/strong><strong>EL HUMO DE LA SOMNOLENCIA<\/strong><strong>\u201d<\/strong><strong>,<\/strong> es una producci\u00f3n de la localidad de\u00a0 Armstrong. Adaptaci\u00f3n de la obra \u00abLombrices\u00bb de\u00a0<a href=\"https:\/\/www.facebook.com\/pablo.albarello\">Pablo Albarello<\/a>.<\/p>\n<p><strong>EN ROSARIO<\/strong> &#8211; <strong>S\u00c1BADOS DE JULIO 22 HS<\/strong><\/p>\n<p><strong>\u00a0\u00a0\u00a0\u00a0\u00a0\u00a0\u00a0\u00a0\u00a0\u00a0\u00a0 TEATRO ODISEO SAN LORENZO 1329<\/strong><\/p>\n<p>La obra se presenta como la historia de dos mujeres.<\/p>\n<p>Ellas conviven encerradas en un tr\u00e1gico pasado. El agobio presente desencadenar\u00e1 esta historia que viajar\u00e1 por los m\u00e1rgenes de un drama absurdo. Detonando en ambas, preguntas sobre su existencia, sobre el amor, la\u00a0vida y la muerte, la realidad que se filtra como el humo por debajo de la puerta.<br \/>\n\u00bfQu\u00e9 fantasmas somos capaces de crear?<\/p>\n<p>Act\u00faan:<br \/>\n<a href=\"https:\/\/www.facebook.com\/nene.pedretti\"><strong>Nen\u00e9 Pedretti<\/strong><\/a><strong>\u00a0y\u00a0<\/strong><a href=\"https:\/\/www.facebook.com\/mariela.romero.5030\"><strong>Mariela Romero<\/strong><\/a><br \/>\nAdaptaci\u00f3n y Direcci\u00f3n:<br \/>\n<strong>Gustavo Maffei<\/strong><br \/>\nEscenograf\u00eda y Asistencia esc\u00e9nica:<br \/>\n<a href=\"https:\/\/www.facebook.com\/franciscof\"><strong>Francisco F. Nakayama<\/strong><\/a><br \/>\nAsistencia T\u00e9cnica:<br \/>\n<a href=\"https:\/\/www.facebook.com\/fernando.guinazu.9\"><strong>Fernando Gui\u00f1az\u00fa<\/strong><\/a><br \/>\nVestuarios, peinados y maquillaje:<br \/>\n<a href=\"https:\/\/www.facebook.com\/cristian.ayala3\"><strong>Cristian Marcelo Ayala Rivera<\/strong><\/a><\/p>\n<p>Participa de la Fiesta del Teatro Santa Fe &#8211; Sede Venado Tuerto 2014.<br \/>\nObra seleccionada para participar de la Fiesta Regional del Teatro 2014.<br \/>\nParticipa del 2\u00aa Pasaje De Teatro Correa &#8211; Santa Fe 2013.<br \/>\nVl Festival de Teatro Independiente El Galp\u00f3n 2014 &#8211; San Jorge &#8211; Santa Fe.<\/p>\n<p>Esta obra cuenta con el auspicio del Instituto Nacional del Teatro y Sec. Cultura Municipalidad de Armstrong.<\/p>\n","protected":false},"excerpt":{"rendered":"<p>\u201cEL HUMO DE LA SOMNOLENCIA\u201d, es una producci\u00f3n de la localidad de\u00a0 Armstrong. Adaptaci\u00f3n de la obra \u00abLombrices\u00bb de\u00a0Pablo Albarello. EN ROSARIO &#8211; S\u00c1BADOS DE JULIO 22 HS \u00a0\u00a0\u00a0\u00a0\u00a0\u00a0\u00a0\u00a0\u00a0\u00a0\u00a0 TEATRO ODISEO SAN LORENZO 1329 La obra se presenta como la historia de dos mujeres. Ellas conviven encerradas en un tr\u00e1gico pasado. El agobio presente desencadenar\u00e1 <a href=\"https:\/\/armstrongyregion.com.ar\/diario\/el-humo-de-la-somnolencia-se-presentara-en-rosario\/\" title=\"Read more\" >&#8230;<\/a><\/p>\n","protected":false},"author":1,"featured_media":22158,"comment_status":"open","ping_status":"open","sticky":false,"template":"","format":"standard","meta":{"_jetpack_memberships_contains_paid_content":false,"footnotes":"","jetpack_publicize_message":"","jetpack_publicize_feature_enabled":true,"jetpack_social_post_already_shared":false,"jetpack_social_options":{"image_generator_settings":{"template":"highway","default_image_id":0,"enabled":false},"version":2}},"categories":[8,1,2,7,3],"tags":[8076],"class_list":["post-22157","post","type-post","status-publish","format-standard","has-post-thumbnail","hentry","category-deliberando","category-diario-armstrong","category-locales","category-politica","category-region","tag-el-humo-de-la-somnolencia-se-presentara-en-rosario"],"jetpack_publicize_connections":[],"jetpack_featured_media_url":"https:\/\/armstrongyregion.com.ar\/diario\/wp-content\/uploads\/2019\/07\/flyer-Humo.jpg","jetpack_shortlink":"https:\/\/wp.me\/p62QDO-5Ln","jetpack_sharing_enabled":true,"amp_enabled":true,"_links":{"self":[{"href":"https:\/\/armstrongyregion.com.ar\/diario\/wp-json\/wp\/v2\/posts\/22157","targetHints":{"allow":["GET"]}}],"collection":[{"href":"https:\/\/armstrongyregion.com.ar\/diario\/wp-json\/wp\/v2\/posts"}],"about":[{"href":"https:\/\/armstrongyregion.com.ar\/diario\/wp-json\/wp\/v2\/types\/post"}],"author":[{"embeddable":true,"href":"https:\/\/armstrongyregion.com.ar\/diario\/wp-json\/wp\/v2\/users\/1"}],"replies":[{"embeddable":true,"href":"https:\/\/armstrongyregion.com.ar\/diario\/wp-json\/wp\/v2\/comments?post=22157"}],"version-history":[{"count":0,"href":"https:\/\/armstrongyregion.com.ar\/diario\/wp-json\/wp\/v2\/posts\/22157\/revisions"}],"wp:featuredmedia":[{"embeddable":true,"href":"https:\/\/armstrongyregion.com.ar\/diario\/wp-json\/wp\/v2\/media\/22158"}],"wp:attachment":[{"href":"https:\/\/armstrongyregion.com.ar\/diario\/wp-json\/wp\/v2\/media?parent=22157"}],"wp:term":[{"taxonomy":"category","embeddable":true,"href":"https:\/\/armstrongyregion.com.ar\/diario\/wp-json\/wp\/v2\/categories?post=22157"},{"taxonomy":"post_tag","embeddable":true,"href":"https:\/\/armstrongyregion.com.ar\/diario\/wp-json\/wp\/v2\/tags?post=22157"}],"curies":[{"name":"wp","href":"https:\/\/api.w.org\/{rel}","templated":true}]}}