{"id":2214,"date":"2015-05-18T20:57:59","date_gmt":"2015-05-18T20:57:59","guid":{"rendered":"https:\/\/armstrongyregion.com.ar\/diario\/?p=2214"},"modified":"2015-05-18T20:57:59","modified_gmt":"2015-05-18T20:57:59","slug":"alerta-meteorologico-en-gran-parte-de-la-provincia","status":"publish","type":"post","link":"https:\/\/armstrongyregion.com.ar\/diario\/alerta-meteorologico-en-gran-parte-de-la-provincia\/","title":{"rendered":"Alerta meteorol\u00f3gico en gran parte de la Provincia."},"content":{"rendered":"<p><a href=\"http:\/\/armstrongyregion.com.ar\/diario\/wp-content\/uploads\/2015\/05\/lluvias-mexico_3.jpg\"><img loading=\"lazy\" decoding=\"async\" src=\"http:\/\/armstrongyregion.com.ar\/diario\/wp-content\/uploads\/2015\/05\/lluvias-mexico_3-300x187.jpg\" alt=\"alerta meteorologico\" width=\"300\" height=\"187\" class=\"alignnone size-medium wp-image-2215\" srcset=\"https:\/\/armstrongyregion.com.ar\/diario\/wp-content\/uploads\/2015\/05\/lluvias-mexico_3-300x187.jpg 300w, https:\/\/armstrongyregion.com.ar\/diario\/wp-content\/uploads\/2015\/05\/lluvias-mexico_3.jpg 320w\" sizes=\"auto, (max-width: 300px) 100vw, 300px\" \/><\/a>El por ocurrencia de tormentas aisladas, algunas con fuertes r\u00e1fagas de viento. Tambi\u00e9n prev\u00e9n ocasional ca\u00edda de granizo. El alerta a \u00abmuy corto plazo\u00bb abarca distritos de las provincias de Santa Fe, C\u00f3rdoba, Entre R\u00edos y Buenos Aires.<br \/>\nEl Servicio Meteorol\u00f3gico Nacional emiti\u00f3 un alerta \u00aba muy corto plazo\u00bb por ocurrencia de \u00abtormentas aisladas, algunas fuertes con r\u00e1fagas y ocasional ca\u00edda de granizo\u00bb.<br \/>\nEn la Provincia de Santa Fe afecta a Belgrano, Caseros, Castellanos, Constituci\u00f3n, General L\u00f3pez, Iriondo, Las Colonias, Rosario, San Jer\u00f3nimo, San Lorenzo, San Martin y Santa Fe.<br \/>\nEn C\u00f3rdoba afecta a Marcos Ju\u00e1rez y San Justo; y en Entre R\u00edos a Diamante, Gualeguay, Paran\u00e1 y Victoria.<br \/>\nLos municipios bonaerenses son: 25 de Mayo, Alberti; Arrecifes, Bragado, Capit\u00e1n Sarmiento, Carmen de Areco, Chacabuco, Chivilcoy, Col\u00f3n, General Arenales, Jun\u00edn, L. N. Alem, Lobos, Navarro, Pergamino, Ramallo, Rojas, Roque P\u00e9rez, San Andr\u00e9s de Giles, Salto, San Nicol\u00e1s, San Pedro y Suipacha.<\/p>\n","protected":false},"excerpt":{"rendered":"<p>El por ocurrencia de tormentas aisladas, algunas con fuertes r\u00e1fagas de viento. Tambi\u00e9n prev\u00e9n ocasional ca\u00edda de granizo. El alerta a \u00abmuy corto plazo\u00bb abarca distritos de las provincias de Santa Fe, C\u00f3rdoba, Entre R\u00edos y Buenos Aires. El Servicio Meteorol\u00f3gico Nacional emiti\u00f3 un alerta \u00aba muy corto plazo\u00bb por ocurrencia de \u00abtormentas aisladas, algunas <a href=\"https:\/\/armstrongyregion.com.ar\/diario\/alerta-meteorologico-en-gran-parte-de-la-provincia\/\" title=\"Read more\" >&#8230;<\/a><\/p>\n","protected":false},"author":2,"featured_media":2215,"comment_status":"open","ping_status":"open","sticky":false,"template":"","format":"standard","meta":{"_jetpack_memberships_contains_paid_content":false,"footnotes":"","jetpack_publicize_message":"","jetpack_publicize_feature_enabled":true,"jetpack_social_post_already_shared":false,"jetpack_social_options":{"image_generator_settings":{"template":"highway","default_image_id":0,"enabled":false},"version":2}},"categories":[1,2,3],"tags":[230,19,15,405,31,231,1740,565],"class_list":["post-2214","post","type-post","status-publish","format-standard","has-post-thumbnail","hentry","category-diario-armstrong","category-locales","category-region","tag-alerta","tag-de","tag-en","tag-gran","tag-la","tag-meteorologico","tag-parte","tag-provincia"],"jetpack_publicize_connections":[],"jetpack_featured_media_url":"https:\/\/armstrongyregion.com.ar\/diario\/wp-content\/uploads\/2015\/05\/lluvias-mexico_3.jpg","jetpack_shortlink":"https:\/\/wp.me\/p62QDO-zI","jetpack_sharing_enabled":true,"amp_enabled":true,"_links":{"self":[{"href":"https:\/\/armstrongyregion.com.ar\/diario\/wp-json\/wp\/v2\/posts\/2214","targetHints":{"allow":["GET"]}}],"collection":[{"href":"https:\/\/armstrongyregion.com.ar\/diario\/wp-json\/wp\/v2\/posts"}],"about":[{"href":"https:\/\/armstrongyregion.com.ar\/diario\/wp-json\/wp\/v2\/types\/post"}],"author":[{"embeddable":true,"href":"https:\/\/armstrongyregion.com.ar\/diario\/wp-json\/wp\/v2\/users\/2"}],"replies":[{"embeddable":true,"href":"https:\/\/armstrongyregion.com.ar\/diario\/wp-json\/wp\/v2\/comments?post=2214"}],"version-history":[{"count":0,"href":"https:\/\/armstrongyregion.com.ar\/diario\/wp-json\/wp\/v2\/posts\/2214\/revisions"}],"wp:featuredmedia":[{"embeddable":true,"href":"https:\/\/armstrongyregion.com.ar\/diario\/wp-json\/wp\/v2\/media\/2215"}],"wp:attachment":[{"href":"https:\/\/armstrongyregion.com.ar\/diario\/wp-json\/wp\/v2\/media?parent=2214"}],"wp:term":[{"taxonomy":"category","embeddable":true,"href":"https:\/\/armstrongyregion.com.ar\/diario\/wp-json\/wp\/v2\/categories?post=2214"},{"taxonomy":"post_tag","embeddable":true,"href":"https:\/\/armstrongyregion.com.ar\/diario\/wp-json\/wp\/v2\/tags?post=2214"}],"curies":[{"name":"wp","href":"https:\/\/api.w.org\/{rel}","templated":true}]}}