{"id":22128,"date":"2019-06-30T23:29:59","date_gmt":"2019-06-30T23:29:59","guid":{"rendered":"https:\/\/armstrongyregion.com.ar\/diario\/?p=22128"},"modified":"2019-06-30T23:29:59","modified_gmt":"2019-06-30T23:29:59","slug":"247-localidades-cambiaran-sus-luminarias-por-tecnologia-led","status":"publish","type":"post","link":"https:\/\/armstrongyregion.com.ar\/diario\/247-localidades-cambiaran-sus-luminarias-por-tecnologia-led\/","title":{"rendered":"247 localidades cambiar\u00e1n sus luminarias por tecnolog\u00eda LED."},"content":{"rendered":"<p><a href=\"http:\/\/armstrongyregion.com.ar\/diario\/wp-content\/uploads\/2019\/06\/Luces-led-pcia.jpg\"><img loading=\"lazy\" decoding=\"async\" class=\"alignnone size-full wp-image-22129\" src=\"http:\/\/armstrongyregion.com.ar\/diario\/wp-content\/uploads\/2019\/06\/Luces-led-pcia.jpg\" alt=\"Luces-led-pcia\" width=\"768\" height=\"432\" srcset=\"https:\/\/armstrongyregion.com.ar\/diario\/wp-content\/uploads\/2019\/06\/Luces-led-pcia.jpg 768w, https:\/\/armstrongyregion.com.ar\/diario\/wp-content\/uploads\/2019\/06\/Luces-led-pcia-300x169.jpg 300w\" sizes=\"auto, (max-width: 768px) 100vw, 768px\" \/><\/a>Se firmaron convenios con municipios y comunas. Resaltan el impacto en reducci\u00f3n de energ\u00eda y cuidado del medio ambiente.<\/p>\n<p align=\"justify\">El gobierno de la provincia firm\u00f3 un convenio para el recambio de luminarias de alumbrado p\u00fablico por luces LED en 247 municipalidades y comunas de la provincia. La secretaria de Estado de Energ\u00eda, Ver\u00f3nica Geese, destac\u00f3 el impacto en reducci\u00f3n de energ\u00eda y cuidado del ambiente que significar\u00e1 este programa, bautizado \u00abIlumina tu provincia\u00bb, que \u00aba\u00fan no se hizo en ninguna provincia del pa\u00eds. Se cre\u00f3 una nueva herramienta que se seguir\u00e1 usando para beneficio de todos los santafesinos\u00bb, afirm\u00f3.<\/p>\n<p align=\"justify\">El programa tiene por objetivo principal el recambio de las luminarias de gas de sodio o mercurio que se usan actualmente para el alumbrado p\u00fablico por luces LED. Sus mentores resaltan que, adem\u00e1s, del ahorro de energ\u00eda, tiene como objetivo impulsar medidas de protecci\u00f3n del ambiente a trav\u00e9s de la disminuci\u00f3n de gastos, la inversi\u00f3n en nuevas tecnolog\u00edas, adem\u00e1s de promover el embellecimiento de cada espacio con modernas unidades.<\/p>\n<p align=\"justify\">El acto, realizado en el Sal\u00f3n Blanco de la Casa Gris y presidido por el gobernador Miguel Lifscthitz, comenz\u00f3 con la explicaci\u00f3n de parte del secretario de Medio Ambiente, C\u00e9sar Mackler, sobre las responsabilidades que les cabe como intendentes y presidentes comunales frente al manejo de los residuos resultantes del recambio de luminarias y lo estipulado en la ley general del ambiente sobre el tratamiento de residuos peligrosos.<\/p>\n<p align=\"justify\">El presidente de la EPE, Maximiliano Neri, sostuvo que la implementaci\u00f3n del plan \u00abfue un gran desaf\u00edo, porque lo planteamos desde un punto de vista del desarrollo territorial. En este camino del trabajo hacia un mejor ambiente y de la lucha contra el cambio clim\u00e1tico, lo que se est\u00e1 proponiendo es que los Estados subnacionales y, en este caso los municipios, tienen que poner su granito de arena para lograrlo\u00bb.<\/p>\n<p align=\"justify\">Geese dijo que \u00abeste es s\u00f3lo un primer paso. Se cambi\u00f3 s\u00f3lo un 30 por ciento de las luminarias en la provincia y hay que avanzar mucho m\u00e1s para que tenga real impacto en la factura de la gente y a\u00fan m\u00e1s para mostrar que los municipios santafesinos dan un paso adelante en la lucha contra el cambio clim\u00e1tico y la conservaci\u00f3n del ambiente. No ten\u00edamos necesidad de hacer este programa, nada que nos forzara como gobierno provincial a llevarlo adelante. Pero queremos aplicar pol\u00edticas p\u00fablicas de base territorial que benefician a todos los santafesinos por igual porque con esta iniciativa se alcanz\u00f3 a la totalidad de municipios y comunas de la provincia\u00bb, enfatiz\u00f3.<\/p>\n<p align=\"justify\">Para el subsecretario de Gesti\u00f3n de Proyectos Estrat\u00e9gicos, Lisandro D\u00b4Anna, la clave del \u00e9xito radica en que la EPE es p\u00fablica. \u00abSi hubiese sido privatizada como ocurri\u00f3 con tantas empresas en la d\u00e9cada de los \u00b490, hoy el pecunio privado no hubiera decidido, por obtener ganancias, permitir la democratizaci\u00f3n de tecnolog\u00eda en todos los municipios y comunas. Adem\u00e1s esto tiene que ver con la creencia pol\u00edtica en el federalismo que el gobierno aplic\u00f3 en este per\u00edodo. Es el septuag\u00e9simo programa que gestionamos junto a los presidentes comunales e intendentes. Esta forma nos permiti\u00f3 reunir el martes a representantes de todos los partidos, de todos los territorios y de todas las escalas para llevar adelante el recambio de luminaria obsoleta por nueva tecnolog\u00eda\u00bb, dijo a La Capital.<\/p>\n<p align=\"justify\"><strong>Luz verde de la Naci\u00f3n<\/strong><\/p>\n<p align=\"justify\">Lifschitz detall\u00f3 que \u00aba partir de aqu\u00ed vamos a requerir la aprobaci\u00f3n del Ministerio de Econom\u00eda de la Naci\u00f3n, porque implica un financiamiento de varios a\u00f1os, y luego se har\u00e1 el proceso de adjudicaci\u00f3n definitiva a la empresa ganadora de la licitaci\u00f3n y la entrega de las luminarias, para que los municipios y comunas puedan encarar la colocaci\u00f3n. Este es un proyecto importante desde el lugar que se lo mire, desde el punto de vista ambiental, sin ninguna duda. Hoy todos los pa\u00edses del mundo, incluida la Argentina, tenemos el compromiso de cumplir determinadas pautas y metas para combatir el cambio clim\u00e1tico, que es uno de los temas que m\u00e1s preocupa a los gobiernos de todo el mundo\u00bb, agreg\u00f3.<\/p>\n<p align=\"justify\">El mandatario explic\u00f3 que el proyecto \u00abapunta a mejorar las condiciones de iluminaci\u00f3n de los pueblos y ciudades de la provincia y a generar mejores condiciones ambientales, a cumplir con objetivos asumidos por nuestros pa\u00eds y a producir ahorros energ\u00e9ticos que redunden en una mejora del costo para cada uno de los usuarios. Lo podemos hacer porque tenemos una empresa p\u00fablica de energ\u00eda; a un proyecto de estas caracter\u00edsticas no lo podr\u00edan hacer provincias que tienen prestatarias privadas y Santa Fe mantuvo la energ\u00eda en la \u00f3rbita estatal\u00bb, concluy\u00f3.<\/p>\n<p align=\"justify\">Fuente: La Capital<\/p>\n","protected":false},"excerpt":{"rendered":"<p>Se firmaron convenios con municipios y comunas. Resaltan el impacto en reducci\u00f3n de energ\u00eda y cuidado del medio ambiente. El gobierno de la provincia firm\u00f3 un convenio para el recambio de luminarias de alumbrado p\u00fablico por luces LED en 247 municipalidades y comunas de la provincia. La secretaria de Estado de Energ\u00eda, Ver\u00f3nica Geese, destac\u00f3 <a href=\"https:\/\/armstrongyregion.com.ar\/diario\/247-localidades-cambiaran-sus-luminarias-por-tecnologia-led\/\" title=\"Read more\" >&#8230;<\/a><\/p>\n","protected":false},"author":1,"featured_media":22129,"comment_status":"open","ping_status":"open","sticky":false,"template":"","format":"standard","meta":{"_jetpack_memberships_contains_paid_content":false,"footnotes":"","jetpack_publicize_message":"","jetpack_publicize_feature_enabled":true,"jetpack_social_post_already_shared":false,"jetpack_social_options":{"image_generator_settings":{"template":"highway","default_image_id":0,"enabled":false},"version":2}},"categories":[6,8,1,2,7,3],"tags":[8065],"class_list":["post-22128","post","type-post","status-publish","format-standard","has-post-thumbnail","hentry","category-cultura-entretenimiento","category-deliberando","category-diario-armstrong","category-locales","category-politica","category-region","tag-247-localidades-cambiaran-sus-luminarias-por-tecnologia-led"],"jetpack_publicize_connections":[],"jetpack_featured_media_url":"https:\/\/armstrongyregion.com.ar\/diario\/wp-content\/uploads\/2019\/06\/Luces-led-pcia.jpg","jetpack_shortlink":"https:\/\/wp.me\/p62QDO-5KU","jetpack_sharing_enabled":true,"amp_enabled":true,"_links":{"self":[{"href":"https:\/\/armstrongyregion.com.ar\/diario\/wp-json\/wp\/v2\/posts\/22128","targetHints":{"allow":["GET"]}}],"collection":[{"href":"https:\/\/armstrongyregion.com.ar\/diario\/wp-json\/wp\/v2\/posts"}],"about":[{"href":"https:\/\/armstrongyregion.com.ar\/diario\/wp-json\/wp\/v2\/types\/post"}],"author":[{"embeddable":true,"href":"https:\/\/armstrongyregion.com.ar\/diario\/wp-json\/wp\/v2\/users\/1"}],"replies":[{"embeddable":true,"href":"https:\/\/armstrongyregion.com.ar\/diario\/wp-json\/wp\/v2\/comments?post=22128"}],"version-history":[{"count":0,"href":"https:\/\/armstrongyregion.com.ar\/diario\/wp-json\/wp\/v2\/posts\/22128\/revisions"}],"wp:featuredmedia":[{"embeddable":true,"href":"https:\/\/armstrongyregion.com.ar\/diario\/wp-json\/wp\/v2\/media\/22129"}],"wp:attachment":[{"href":"https:\/\/armstrongyregion.com.ar\/diario\/wp-json\/wp\/v2\/media?parent=22128"}],"wp:term":[{"taxonomy":"category","embeddable":true,"href":"https:\/\/armstrongyregion.com.ar\/diario\/wp-json\/wp\/v2\/categories?post=22128"},{"taxonomy":"post_tag","embeddable":true,"href":"https:\/\/armstrongyregion.com.ar\/diario\/wp-json\/wp\/v2\/tags?post=22128"}],"curies":[{"name":"wp","href":"https:\/\/api.w.org\/{rel}","templated":true}]}}