{"id":22117,"date":"2019-06-28T21:19:24","date_gmt":"2019-06-28T21:19:24","guid":{"rendered":"https:\/\/armstrongyregion.com.ar\/diario\/?p=22117"},"modified":"2019-06-28T21:19:24","modified_gmt":"2019-06-28T21:19:24","slug":"primera-reunion-del-equipo-de-perotti-para-la-transicion","status":"publish","type":"post","link":"https:\/\/armstrongyregion.com.ar\/diario\/primera-reunion-del-equipo-de-perotti-para-la-transicion\/","title":{"rendered":"Primera reuni\u00f3n del equipo de Perotti para la transici\u00f3n."},"content":{"rendered":"<p><a href=\"http:\/\/armstrongyregion.com.ar\/diario\/wp-content\/uploads\/2019\/06\/0027031295.jpg\"><img loading=\"lazy\" decoding=\"async\" class=\"alignnone size-full wp-image-22118\" src=\"http:\/\/armstrongyregion.com.ar\/diario\/wp-content\/uploads\/2019\/06\/0027031295.jpg\" alt=\"0027031295\" width=\"768\" height=\"431\" srcset=\"https:\/\/armstrongyregion.com.ar\/diario\/wp-content\/uploads\/2019\/06\/0027031295.jpg 768w, https:\/\/armstrongyregion.com.ar\/diario\/wp-content\/uploads\/2019\/06\/0027031295-300x168.jpg 300w\" sizes=\"auto, (max-width: 768px) 100vw, 768px\" \/><\/a>Para los colaboradores del gobernador electo, es clave que en esta etapa la gesti\u00f3n saliente cumpla con la ley de responsabilidad fiscal.<\/p>\n<p align=\"justify\">\u00abEs la econom\u00eda\u00bb. La trillada frase atribuida a un entonces candidato presidencial estadounidense resume la larga reuni\u00f3n que mantuvieron ayer los integrantes de la comisi\u00f3n de transici\u00f3n creada por el Partido Justicialista (PJ) para resolver con el gobierno de Miguel Lifschitz los t\u00e9rminos del traspaso de la administraci\u00f3n provincial.<\/p>\n<p align=\"justify\">Se espera que, con la llegada de julio, se formalice la apertura de las conversaciones conjuntas. Por lo pronto, ayer no hubo actividad legislativa alguna y los peronistas aprovecharon para juntarse en la oficina del senador provincial Alcides Calvo buena parte de la tarde.<\/p>\n<p align=\"justify\">El lugar cercano al Palacio de Leyes en la capital provincial fue el escenario para que el propio Calvo, su par Armando Traferri, los diputados Roberto Mirabella y Leandro Busatto y el ex ministro Coordinador durante la \u00faltima gesti\u00f3n de Jorge Obeid, Rub\u00e9n Michlig, entre otros, comenzaran a esbozar las l\u00edneas sobre las que deber\u00e1n acordar con el socialismo para transitar los seis meses de coexistencia entre gobiernos saliente y entrante.<\/p>\n<p align=\"justify\">Y, aunque ser\u00e1n muchas (la de ayer fue apenas una primera reuni\u00f3n), la cuesti\u00f3n presupuestaria o, si se prefiere, financiera, aparece ubicada al tope de las prioridades. Entre otras razones, porque la crisis socioecon\u00f3mica que afecta al pa\u00eds viene haciendo caer la recaudaci\u00f3n de modo sostenido en una provincia donde rige la cl\u00e1usula gatillo autom\u00e1tica para evitar que los salarios pierdan poder adquisitivo.<\/p>\n<p align=\"justify\">Ese dispositivo es eficaz para evitar que la inflaci\u00f3n meng\u00fce de modo creciente la capacidad de consumo a los empleados p\u00fablicos, pero resulta muy sensible al amesetamiento de los recursos impositivos y, m\u00e1s a\u00fan, a su achicamiento.<\/p>\n<p align=\"justify\">Si ese dato por s\u00ed mismo genera inquietud (esto dicho en off, al comienzo, por alguno de los asistentes), con m\u00e1s raz\u00f3n cualquier otra medida que se pueda tomar. Es por ello que el PJ org\u00e1nicamente saldr\u00e1 a exigir que se respeten de modo taxativo los art\u00edculos 15 y15 bis de la ley de responsabilidad fiscal.<\/p>\n<p align=\"justify\">Esa decisi\u00f3n de actuar org\u00e1nicamente llev\u00f3 a que los asistentes a la reuni\u00f3n acordaran no hacer declaraciones p\u00fablicas. La informaci\u00f3n oficial se distribuir\u00eda en un comunicado formal, al menos eso se prometi\u00f3, supuestamente hoy (se deduce que la demora ser\u00eda para consensuar con el propio gobernador electo, Omar Perotti, los t\u00e9rminos del texto).<\/p>\n<p align=\"justify\">Los contactos informales que nadie confirma, pero que todos dan por sentado, entre los que comienzan a irse y los que se aprestan a llegar ya habr\u00edan producido un primer acuerdo t\u00e1cito: hacer una transici\u00f3n prolija, ordenada y discreta.<\/p>\n<p align=\"justify\">Adem\u00e1s de la razones formales que puedan esgrimirse para ello, todos tienen presente que los mismos actores deber\u00e1n seguir conviviendo con responsabilidad de gobierno. Los socialistas y radicales, que dejan de ser oficialismo en el Ejecutivo, pasar\u00e1n a ser oposici\u00f3n. Aunque manejando Diputados. Los peronistas mutar\u00e1n de opositores a oficialistas al instalarse en la Casa Gris el10 de diciembre pr\u00f3ximo.<\/p>\n<p align=\"justify\">El art\u00edculo 15 de la ley de responsabilidad fiscal dice en su primera parte: \u00abEl Ejecutivo nacional, los Poderes Ejecutivos provinciales y el de la Ciudad Aut\u00f3noma de Buenos Aires s\u00f3lo podr\u00e1n, durante la ejecuci\u00f3n presupuestaria, aprobar mayores gastos de otros poderes del Estado siempre que estuviera asegurado un financiamiento especialmente destinado a su atenci\u00f3n. Asimismo, no podr\u00e1n aprobar modificaciones presupuestarias que impliquen incrementos en los gastos corrientes en detrimento de los gastos de capital o de las aplicaciones financieras\u00bb.<\/p>\n<p align=\"justify\">De su lectura queda bastante en claro por d\u00f3nde pasan las preocupaciones. Incluso, no habiendo sido desmentido (tampoco ayer) que piensa hacer ajustes donde lo crea necesario. La desaparici\u00f3n de los nodos, la reducci\u00f3n de la planta de personal pol\u00edtico y una reformulaci\u00f3n del gabinete (administraciones peronistas anteriores tuvieron ocho ministerios y los socialistas los llevaron a 13 y a tres secretar\u00edas de Estado). Pero el rafaelino sabe que, adem\u00e1s de Diputados, en las dos ciudades m\u00e1s importantes de la provincia tambi\u00e9n el socialismo guarnecer\u00e1 a sus principales cuadros.<\/p>\n<p align=\"justify\">Basta continuar con la lectura de la ley que gui\u00f3 la conversaci\u00f3n para perfilar por d\u00f3nde ese an\u00e1lisis global comenzar\u00eda a desglosarse. El articulo 15 bis sostiene: \u00abAdicionalmente a lo dispuesto en la ley, durante los dos \u00faltimos trimestres del a\u00f1o de fin de mandato no se podr\u00e1n realizar incrementos del gasto corriente de car\u00e1cter permanente, exceptuando los que trasciendan la gesti\u00f3n de gobierno, que sean definidos en ese car\u00e1cter normativamente, y deban ser atendidos de manera espec\u00edfica\u00bb.<\/p>\n<p align=\"justify\">\u00abTambi\u00e9n aquellos cuya causa originante exista con anterioridad al per\u00edodo indicado y su cumplimiento sea obligatorio. Durante ese per\u00edodo, estar\u00e1 prohibida cualquier disposici\u00f3n legal o administrativa excepcional que implique la donaci\u00f3n o venta de activos fijos. Se entender\u00e1 por incrementos del gasto corriente de car\u00e1cter permanente a aquellos que se prolonguen por m\u00e1s de seis meses y que no se encuentren fundados en situaciones de emergencia de tipo social o desastre natural\u00bb, concluye el texto.<\/p>\n<div class=\"news-header-author-avatar\"><a title=\"Jorge Sans\u00f3 de la Madrid \/ La Capital\" href=\"https:\/\/www.lacapital.com.ar\/jorge-sanso-la-madrid-p171.html\"><img loading=\"lazy\" decoding=\"async\" class=\"img-circle img-responsive\" title=\"Jorge Sans\u00f3 de la Madrid \/ La Capital\" src=\"https:\/\/media.lacapital.com.ar\/adjuntos\/203\/autores\/022\/033\/0022033809.png\" alt=\"Jorge Sans\u00f3 de la Madrid \/ La Capital\" width=\"90\" height=\"90\" \/><\/a><\/div>\n<div class=\"news-header-author-info\">\n<div class=\"news-header-author-name\">Por\u00a0<a href=\"https:\/\/www.lacapital.com.ar\/jorge-sanso-la-madrid-p171.html\" target=\"\">Jorge Sans\u00f3 de la Madrid<\/a><\/div>\n<\/div>\n","protected":false},"excerpt":{"rendered":"<p>Para los colaboradores del gobernador electo, es clave que en esta etapa la gesti\u00f3n saliente cumpla con la ley de responsabilidad fiscal. \u00abEs la econom\u00eda\u00bb. La trillada frase atribuida a un entonces candidato presidencial estadounidense resume la larga reuni\u00f3n que mantuvieron ayer los integrantes de la comisi\u00f3n de transici\u00f3n creada por el Partido Justicialista (PJ) <a href=\"https:\/\/armstrongyregion.com.ar\/diario\/primera-reunion-del-equipo-de-perotti-para-la-transicion\/\" title=\"Read more\" >&#8230;<\/a><\/p>\n","protected":false},"author":1,"featured_media":22118,"comment_status":"open","ping_status":"open","sticky":false,"template":"","format":"standard","meta":{"_jetpack_memberships_contains_paid_content":false,"footnotes":"","jetpack_publicize_message":"","jetpack_publicize_feature_enabled":true,"jetpack_social_post_already_shared":false,"jetpack_social_options":{"image_generator_settings":{"template":"highway","default_image_id":0,"enabled":false},"version":2}},"categories":[8,1,7,3],"tags":[8061],"class_list":["post-22117","post","type-post","status-publish","format-standard","has-post-thumbnail","hentry","category-deliberando","category-diario-armstrong","category-politica","category-region","tag-primera-reunion-del-equipo-de-perotti-para-la-transicion"],"jetpack_publicize_connections":[],"jetpack_featured_media_url":"https:\/\/armstrongyregion.com.ar\/diario\/wp-content\/uploads\/2019\/06\/0027031295.jpg","jetpack_shortlink":"https:\/\/wp.me\/p62QDO-5KJ","jetpack_sharing_enabled":true,"amp_enabled":true,"_links":{"self":[{"href":"https:\/\/armstrongyregion.com.ar\/diario\/wp-json\/wp\/v2\/posts\/22117","targetHints":{"allow":["GET"]}}],"collection":[{"href":"https:\/\/armstrongyregion.com.ar\/diario\/wp-json\/wp\/v2\/posts"}],"about":[{"href":"https:\/\/armstrongyregion.com.ar\/diario\/wp-json\/wp\/v2\/types\/post"}],"author":[{"embeddable":true,"href":"https:\/\/armstrongyregion.com.ar\/diario\/wp-json\/wp\/v2\/users\/1"}],"replies":[{"embeddable":true,"href":"https:\/\/armstrongyregion.com.ar\/diario\/wp-json\/wp\/v2\/comments?post=22117"}],"version-history":[{"count":0,"href":"https:\/\/armstrongyregion.com.ar\/diario\/wp-json\/wp\/v2\/posts\/22117\/revisions"}],"wp:featuredmedia":[{"embeddable":true,"href":"https:\/\/armstrongyregion.com.ar\/diario\/wp-json\/wp\/v2\/media\/22118"}],"wp:attachment":[{"href":"https:\/\/armstrongyregion.com.ar\/diario\/wp-json\/wp\/v2\/media?parent=22117"}],"wp:term":[{"taxonomy":"category","embeddable":true,"href":"https:\/\/armstrongyregion.com.ar\/diario\/wp-json\/wp\/v2\/categories?post=22117"},{"taxonomy":"post_tag","embeddable":true,"href":"https:\/\/armstrongyregion.com.ar\/diario\/wp-json\/wp\/v2\/tags?post=22117"}],"curies":[{"name":"wp","href":"https:\/\/api.w.org\/{rel}","templated":true}]}}