{"id":22114,"date":"2019-06-28T21:10:15","date_gmt":"2019-06-28T21:10:15","guid":{"rendered":"https:\/\/armstrongyregion.com.ar\/diario\/?p=22114"},"modified":"2019-06-28T21:10:15","modified_gmt":"2019-06-28T21:10:15","slug":"una-multitud-visito-agroactiva-en-la-segunda-jornada","status":"publish","type":"post","link":"https:\/\/armstrongyregion.com.ar\/diario\/una-multitud-visito-agroactiva-en-la-segunda-jornada\/","title":{"rendered":"Una multitud visito AgroActiva en la segunda jornada."},"content":{"rendered":"<p class=\"headline-new\"><a href=\"http:\/\/armstrongyregion.com.ar\/diario\/wp-content\/uploads\/2019\/06\/gente-5.jpeg\"><img loading=\"lazy\" decoding=\"async\" class=\"alignnone size-full wp-image-22115\" src=\"http:\/\/armstrongyregion.com.ar\/diario\/wp-content\/uploads\/2019\/06\/gente-5.jpeg\" alt=\"gente-5\" width=\"768\" height=\"387\" srcset=\"https:\/\/armstrongyregion.com.ar\/diario\/wp-content\/uploads\/2019\/06\/gente-5.jpeg 768w, https:\/\/armstrongyregion.com.ar\/diario\/wp-content\/uploads\/2019\/06\/gente-5-300x151.jpeg 300w\" sizes=\"auto, (max-width: 768px) 100vw, 768px\" \/><\/a>Los shows de Soledad y Los Palmeras en el stand de Cadena 3, las juras en el sector ganadero, el ruido del TC y las visitas pol\u00edticas fueron los destacados del d\u00eda en la mega muestra.<\/p>\n<div class=\"entry\">\n<p>La segunda jornada de AgroActiva fue un \u00e9xito rotundo por la concurrencia de p\u00fablico, por la presencia de autoridades destacadas de la pol\u00edtica en el acto inaugural y por la gran variedad de actividades que se desarrollaron durante el d\u00eda.<\/p>\n<p>Desde la ma\u00f1ana, la visita del gobernador de Santa Fe, Miguel Lifschitz, varios ministros de distintas provincias y dirigentes de entidades agropecuarias convulsionaron la exposici\u00f3n. Luego por la tarde con los recitales de Soledad y Los Palmeras en el stand de Cadena 3 miles y miles de personas se agolparon en esa zona de la est\u00e1tica \u00a0para disfrutar del espect\u00e1culo.<\/p>\n<figure class=\"wp-block-image\"><img decoding=\"async\" class=\"wp-image-6495\" src=\"https:\/\/www.agroactiva.com\/wp-content\/uploads\/2019\/06\/gente-4.jpeg\" sizes=\"(max-width: 1020px) 100vw, 1020px\" srcset=\"https:\/\/www.agroactiva.com\/wp-content\/uploads\/2019\/06\/gente-4.jpeg 1020w, https:\/\/www.agroactiva.com\/wp-content\/uploads\/2019\/06\/gente-4-300x171.jpeg 300w, https:\/\/www.agroactiva.com\/wp-content\/uploads\/2019\/06\/gente-4-768x437.jpeg 768w\" alt=\"\" \/><\/figure>\n<p>En el sector ganadero no fue menos la actividad ya que empez\u00f3 el movimiento fuerte con las juras de ovinos, caprinos y los primeros reproductores bovinos. Numerosos productores pecuarios se acercaron al sector de corrales para presenciar las competencias y observar tambi\u00e9n las llamas y los b\u00fafalos. Adem\u00e1s, en los auditorios de Tencoplaza-AgTech, Pabell\u00f3n de Formaci\u00f3n Activa e IPCVA la capacitaci\u00f3n fue moneda corriente para muchos de los visitantes.<\/p>\n<p>Otro de los destacados fue un sinf\u00edn de lanzamientos de productos y equipos que las marcas expositoras de la feria realizaron para prensa y p\u00fablico. Como es habitual centenares de compa\u00f1\u00edas eligen AgroActiva como su evento del a\u00f1o para anunciar sus novedades por la masividad de convocatoria que tiene la mega muestra.<\/p>\n<p>Como cierre de la jornada, cuando ca\u00eda la noche y todav\u00eda el estacionamiento de la muestra ten\u00eda muchos veh\u00edculos que aguardaban la salida para regresar a sus ciudades, el encendido de los motores de los autos en el stand de la ACTC y le pusieron cierre a todo acelerador a una jornada memorable.<\/p>\n<ul class=\"wp-block-gallery columns-3 is-cropped\">\n<li class=\"blocks-gallery-item\">\n<figure><img decoding=\"async\" class=\"wp-image-6496\" src=\"https:\/\/www.agroactiva.com\/wp-content\/uploads\/2019\/06\/gente-1024x519.jpg\" sizes=\"(max-width: 1024px) 100vw, 1024px\" srcset=\"https:\/\/www.agroactiva.com\/wp-content\/uploads\/2019\/06\/gente.jpg 1024w, https:\/\/www.agroactiva.com\/wp-content\/uploads\/2019\/06\/gente-300x152.jpg 300w, https:\/\/www.agroactiva.com\/wp-content\/uploads\/2019\/06\/gente-768x389.jpg 768w\" alt=\"\" data-id=\"6496\" data-link=\"https:\/\/www.agroactiva.com\/?attachment_id=6496\" \/><\/figure>\n<\/li>\n<li class=\"blocks-gallery-item\">\n<figure><img decoding=\"async\" class=\"wp-image-6497\" src=\"https:\/\/www.agroactiva.com\/wp-content\/uploads\/2019\/06\/gente-3.jpg\" sizes=\"(max-width: 640px) 100vw, 640px\" srcset=\"https:\/\/www.agroactiva.com\/wp-content\/uploads\/2019\/06\/gente-3.jpg 640w, https:\/\/www.agroactiva.com\/wp-content\/uploads\/2019\/06\/gente-3-300x200.jpg 300w\" alt=\"\" data-id=\"6497\" data-link=\"https:\/\/www.agroactiva.com\/?attachment_id=6497\" \/><\/figure>\n<\/li>\n<li class=\"blocks-gallery-item\">\n<figure><img decoding=\"async\" class=\"wp-image-6498\" src=\"https:\/\/www.agroactiva.com\/wp-content\/uploads\/2019\/06\/gente-2.jpg\" sizes=\"(max-width: 640px) 100vw, 640px\" srcset=\"https:\/\/www.agroactiva.com\/wp-content\/uploads\/2019\/06\/gente-2.jpg 640w, https:\/\/www.agroactiva.com\/wp-content\/uploads\/2019\/06\/gente-2-300x200.jpg 300w\" alt=\"\" data-id=\"6498\" data-link=\"https:\/\/www.agroactiva.com\/?attachment_id=6498\" \/><\/figure>\n<\/li>\n<\/ul>\n<\/div>\n","protected":false},"excerpt":{"rendered":"<p>Los shows de Soledad y Los Palmeras en el stand de Cadena 3, las juras en el sector ganadero, el ruido del TC y las visitas pol\u00edticas fueron los destacados del d\u00eda en la mega muestra. La segunda jornada de AgroActiva fue un \u00e9xito rotundo por la concurrencia de p\u00fablico, por la presencia de autoridades <a href=\"https:\/\/armstrongyregion.com.ar\/diario\/una-multitud-visito-agroactiva-en-la-segunda-jornada\/\" title=\"Read more\" >&#8230;<\/a><\/p>\n","protected":false},"author":1,"featured_media":22115,"comment_status":"open","ping_status":"open","sticky":false,"template":"","format":"standard","meta":{"_jetpack_memberships_contains_paid_content":false,"footnotes":"","jetpack_publicize_message":"","jetpack_publicize_feature_enabled":true,"jetpack_social_post_already_shared":false,"jetpack_social_options":{"image_generator_settings":{"template":"highway","default_image_id":0,"enabled":false},"version":2}},"categories":[8,1,2,7,3],"tags":[8060],"class_list":["post-22114","post","type-post","status-publish","format-standard","has-post-thumbnail","hentry","category-deliberando","category-diario-armstrong","category-locales","category-politica","category-region","tag-una-multitud-visito-agroactiva-en-la-segunda-jornada"],"jetpack_publicize_connections":[],"jetpack_featured_media_url":"https:\/\/armstrongyregion.com.ar\/diario\/wp-content\/uploads\/2019\/06\/gente-5.jpeg","jetpack_shortlink":"https:\/\/wp.me\/p62QDO-5KG","jetpack_sharing_enabled":true,"amp_enabled":true,"_links":{"self":[{"href":"https:\/\/armstrongyregion.com.ar\/diario\/wp-json\/wp\/v2\/posts\/22114","targetHints":{"allow":["GET"]}}],"collection":[{"href":"https:\/\/armstrongyregion.com.ar\/diario\/wp-json\/wp\/v2\/posts"}],"about":[{"href":"https:\/\/armstrongyregion.com.ar\/diario\/wp-json\/wp\/v2\/types\/post"}],"author":[{"embeddable":true,"href":"https:\/\/armstrongyregion.com.ar\/diario\/wp-json\/wp\/v2\/users\/1"}],"replies":[{"embeddable":true,"href":"https:\/\/armstrongyregion.com.ar\/diario\/wp-json\/wp\/v2\/comments?post=22114"}],"version-history":[{"count":0,"href":"https:\/\/armstrongyregion.com.ar\/diario\/wp-json\/wp\/v2\/posts\/22114\/revisions"}],"wp:featuredmedia":[{"embeddable":true,"href":"https:\/\/armstrongyregion.com.ar\/diario\/wp-json\/wp\/v2\/media\/22115"}],"wp:attachment":[{"href":"https:\/\/armstrongyregion.com.ar\/diario\/wp-json\/wp\/v2\/media?parent=22114"}],"wp:term":[{"taxonomy":"category","embeddable":true,"href":"https:\/\/armstrongyregion.com.ar\/diario\/wp-json\/wp\/v2\/categories?post=22114"},{"taxonomy":"post_tag","embeddable":true,"href":"https:\/\/armstrongyregion.com.ar\/diario\/wp-json\/wp\/v2\/tags?post=22114"}],"curies":[{"name":"wp","href":"https:\/\/api.w.org\/{rel}","templated":true}]}}