{"id":22108,"date":"2019-06-28T20:40:18","date_gmt":"2019-06-28T20:40:18","guid":{"rendered":"https:\/\/armstrongyregion.com.ar\/diario\/?p=22108"},"modified":"2019-06-28T20:40:18","modified_gmt":"2019-06-28T20:40:18","slug":"17-edicion-del-maraton-delfo-cabreramapa-con-el-circuito-a-recorrer","status":"publish","type":"post","link":"https:\/\/armstrongyregion.com.ar\/diario\/17-edicion-del-maraton-delfo-cabreramapa-con-el-circuito-a-recorrer\/","title":{"rendered":"17\u00b0 edici\u00f3n del marat\u00f3n Delfo Cabrera,mapa con el circuito a recorrer."},"content":{"rendered":"<p><a href=\"http:\/\/armstrongyregion.com.ar\/diario\/wp-content\/uploads\/2019\/06\/circuito-maraton-2019.jpg\"><img loading=\"lazy\" decoding=\"async\" class=\"alignnone size-full wp-image-22109\" src=\"http:\/\/armstrongyregion.com.ar\/diario\/wp-content\/uploads\/2019\/06\/circuito-maraton-2019.jpg\" alt=\"circuito maraton 2019\" width=\"400\" height=\"578\" srcset=\"https:\/\/armstrongyregion.com.ar\/diario\/wp-content\/uploads\/2019\/06\/circuito-maraton-2019.jpg 400w, https:\/\/armstrongyregion.com.ar\/diario\/wp-content\/uploads\/2019\/06\/circuito-maraton-2019-208x300.jpg 208w\" sizes=\"auto, (max-width: 400px) 100vw, 400px\" \/><\/a>El 4 de agosto se viene la 17\u00b0 Edici\u00f3n del Marat\u00f3n Delfo Cabrera, organizada por la Municipalidad de Armstrong, a trav\u00e9s de la Sec. De Educaci\u00f3n, Cultura y Deportes, con la fiscalizaci\u00f3n de ARDA (Asociaci\u00f3n Rosarina de Atletismo) (no se suspende por\u00a0 lluvia).<\/p>\n<p>Largada 9:30 hs<\/p>\n<p>Se entregar\u00e1n medallas y remeras\u00a0 a todos los participantes<\/p>\n<p>Las categor\u00edas para esta nueva edici\u00f3n son las siguientes:<\/p>\n<p><strong>Integrativa:<\/strong> de 5 km.<\/p>\n<p><strong>Competitiva:<\/strong> 10 K y 21 K<\/p>\n<p>Competitiva, de 10 K y 21 K, dividida en 11 subcategor\u00edas Damas y Caballeros:<\/p>\n<p>Juveniles: De 16 a 19 a\u00f1os<\/p>\n<p>Mayores: De 20 a 29 a\u00f1os<\/p>\n<p>Pre-Veteranos A: De 30 a 34 a\u00f1os<\/p>\n<p>Pre-Veteranos B: De 35 a 39 a\u00f1os<\/p>\n<p>Veteranos A: De 40 a 44 a\u00f1os<\/p>\n<p>Veteranos B: De 45 a 49 a\u00f1os<\/p>\n<p>Veteranos C: De 50 a 54 a\u00f1os<\/p>\n<p>Veteranos D: De 55 a 59 a\u00f1os<\/p>\n<p>Veteranos E: De 60 a 64 a\u00f1os<\/p>\n<p>Veteranos F: De 65 a 69 a\u00f1os<\/p>\n<p>Veteranos G: m\u00e1s de 70 a\u00f1os<\/p>\n<p>&nbsp;<\/p>\n<p>Premiaci\u00f3n:<\/p>\n<p>-Trofeos del 1\u00ba al 5\u00ba puesto en cada categor\u00eda competitiva damas y caballeros.<\/p>\n<p>-Premios en efectivo del 1\u00ba al 5\u00ba puesto en la General, Damas y Caballeros en 10 K y 21 K<\/p>\n<p><strong>10 km. damas\/caballeros:<\/strong><\/p>\n<p>1\u00ba\u00a0 puesto: $ 4.000.-<\/p>\n<p>2\u00ba puesto: $ 2.200.-<\/p>\n<p>3\u00ba puesto: $ 1.500.-<\/p>\n<p>4\u00ba puesto: $ 1.200.-<\/p>\n<p>5\u00ba puesto: $ 1.000.-<\/p>\n<p><strong>21 km. damas\/caballeros:<\/strong><\/p>\n<p>1\u00ba\u00a0 puesto: $ 8.000.-<\/p>\n<p>2\u00ba puesto: $ 5.500.-<\/p>\n<p>3\u00ba puesto: $ 4.000.-<\/p>\n<p>4\u00ba puesto: $ 2.200.-<\/p>\n<p>5\u00ba puesto: $ 1.500.-<\/p>\n<p>&nbsp;<\/p>\n<p>Se disputar\u00e1 nuevamente la Copa Challenger.<\/p>\n<p>Servicio de transporte desde Rosario (El \u00f3mnibus, sin costo para el atleta, parte desde ARDA 6:30 hs)<\/p>\n<p>Puestos de hidrataci\u00f3n cada 3km aproximadamente.<\/p>\n<p>Entrega de Kits: s\u00e1bado 3 de agosto, desde las 16 a 18 hs y domingo 4, desde las 7 hs.<\/p>\n<p>&nbsp;<\/p>\n<p>&nbsp;<\/p>\n<p>La inscripci\u00f3n ya est\u00e1 abierta en las p\u00e1ginas web de A.R.D.A., en www.sportick.com.ar, en www.armstrong.gov.ar, y en Facebook: Marat\u00f3n Delfo Cabrera Armstrong.<\/p>\n<p>&nbsp;<\/p>\n<p>Para m\u00e1s informaci\u00f3n podr\u00e1n comunicarse con la Secretar\u00eda mencionada. Cel. 03471-15680127.<\/p>\n<p>El 4 de Agosto los esperamos en Plaza San Martin, para compartir una nueva edici\u00f3n del \u00a0Marat\u00f3n \u201cDELFO CABRERA\u201d en el centenario de su natalicio.<\/p>\n","protected":false},"excerpt":{"rendered":"<p>El 4 de agosto se viene la 17\u00b0 Edici\u00f3n del Marat\u00f3n Delfo Cabrera, organizada por la Municipalidad de Armstrong, a trav\u00e9s de la Sec. De Educaci\u00f3n, Cultura y Deportes, con la fiscalizaci\u00f3n de ARDA (Asociaci\u00f3n Rosarina de Atletismo) (no se suspende por\u00a0 lluvia). Largada 9:30 hs Se entregar\u00e1n medallas y remeras\u00a0 a todos los participantes <a href=\"https:\/\/armstrongyregion.com.ar\/diario\/17-edicion-del-maraton-delfo-cabreramapa-con-el-circuito-a-recorrer\/\" title=\"Read more\" >&#8230;<\/a><\/p>\n","protected":false},"author":1,"featured_media":22109,"comment_status":"open","ping_status":"open","sticky":false,"template":"","format":"standard","meta":{"_jetpack_memberships_contains_paid_content":false,"footnotes":"","jetpack_publicize_message":"","jetpack_publicize_feature_enabled":true,"jetpack_social_post_already_shared":false,"jetpack_social_options":{"image_generator_settings":{"template":"highway","default_image_id":0,"enabled":false},"version":2}},"categories":[6,5,1,2,7,3],"tags":[8057,8058],"class_list":["post-22108","post","type-post","status-publish","format-standard","has-post-thumbnail","hentry","category-cultura-entretenimiento","category-deportes","category-diario-armstrong","category-locales","category-politica","category-region","tag-17-edicion-del-maraton-delfo-cabrera","tag-mapa-con-el-circuito-a-recorrer"],"jetpack_publicize_connections":[],"jetpack_featured_media_url":"https:\/\/armstrongyregion.com.ar\/diario\/wp-content\/uploads\/2019\/06\/circuito-maraton-2019.jpg","jetpack_shortlink":"https:\/\/wp.me\/p62QDO-5KA","jetpack_sharing_enabled":true,"amp_enabled":true,"_links":{"self":[{"href":"https:\/\/armstrongyregion.com.ar\/diario\/wp-json\/wp\/v2\/posts\/22108","targetHints":{"allow":["GET"]}}],"collection":[{"href":"https:\/\/armstrongyregion.com.ar\/diario\/wp-json\/wp\/v2\/posts"}],"about":[{"href":"https:\/\/armstrongyregion.com.ar\/diario\/wp-json\/wp\/v2\/types\/post"}],"author":[{"embeddable":true,"href":"https:\/\/armstrongyregion.com.ar\/diario\/wp-json\/wp\/v2\/users\/1"}],"replies":[{"embeddable":true,"href":"https:\/\/armstrongyregion.com.ar\/diario\/wp-json\/wp\/v2\/comments?post=22108"}],"version-history":[{"count":0,"href":"https:\/\/armstrongyregion.com.ar\/diario\/wp-json\/wp\/v2\/posts\/22108\/revisions"}],"wp:featuredmedia":[{"embeddable":true,"href":"https:\/\/armstrongyregion.com.ar\/diario\/wp-json\/wp\/v2\/media\/22109"}],"wp:attachment":[{"href":"https:\/\/armstrongyregion.com.ar\/diario\/wp-json\/wp\/v2\/media?parent=22108"}],"wp:term":[{"taxonomy":"category","embeddable":true,"href":"https:\/\/armstrongyregion.com.ar\/diario\/wp-json\/wp\/v2\/categories?post=22108"},{"taxonomy":"post_tag","embeddable":true,"href":"https:\/\/armstrongyregion.com.ar\/diario\/wp-json\/wp\/v2\/tags?post=22108"}],"curies":[{"name":"wp","href":"https:\/\/api.w.org\/{rel}","templated":true}]}}