{"id":22101,"date":"2019-06-27T22:41:30","date_gmt":"2019-06-27T22:41:30","guid":{"rendered":"https:\/\/armstrongyregion.com.ar\/diario\/?p=22101"},"modified":"2019-06-27T22:41:30","modified_gmt":"2019-06-27T22:41:30","slug":"agroactiva-inauguro-oficialmente-su-25a-edicion-ante-miles-de-visitantes","status":"publish","type":"post","link":"https:\/\/armstrongyregion.com.ar\/diario\/agroactiva-inauguro-oficialmente-su-25a-edicion-ante-miles-de-visitantes\/","title":{"rendered":"AgroActiva inauguro oficialmente su 25\u00aa edici\u00f3n ante miles de visitantes."},"content":{"rendered":"<p class=\"headline-new\"><a href=\"http:\/\/armstrongyregion.com.ar\/diario\/wp-content\/uploads\/2019\/06\/AgroActiva-25.jpg\"><img loading=\"lazy\" decoding=\"async\" class=\"alignnone size-full wp-image-22103\" src=\"http:\/\/armstrongyregion.com.ar\/diario\/wp-content\/uploads\/2019\/06\/AgroActiva-25.jpg\" alt=\"AgroActiva-25\" width=\"768\" height=\"512\" srcset=\"https:\/\/armstrongyregion.com.ar\/diario\/wp-content\/uploads\/2019\/06\/AgroActiva-25.jpg 768w, https:\/\/armstrongyregion.com.ar\/diario\/wp-content\/uploads\/2019\/06\/AgroActiva-25-300x200.jpg 300w\" sizes=\"auto, (max-width: 768px) 100vw, 768px\" \/><\/a>El gobernador de Santa Fe, Miguel Lifschitz; la presidente de AgroActiva; Rosana Nardi; el jefe de Gabinete de la Secretar\u00eda de Agroindustria de la Naci\u00f3n, Santiago Del Solar; el intendente de Armstrong, la ciudad anfitriona de la mega muestra, Pablo Verdecchia y distintas autoridades nacionales, provinciales y locales.<\/p>\n<div class=\"entry\">\n<p>AgroActiva inaugur\u00f2 oficialmente su vig\u00e9simo quinta edici\u00f3n en la localidad santafesina de Armstrong con el saludo del presidente Mauricio Macri que, a trav\u00e9s de un video, envi\u00f3 palabras de aliento para los productores, los empresarios y los organizadores de la mega muestra. En primer lugar los alumnos de la banda musical del municipio local entonaron las estrofas del himno nacional, luego fue el momento de los discursos que, en un a\u00f1o electoral tuvieron varias frases destacadas que los asistentes, contados de a miles, escucharon atentamente.<\/p>\n<p>La presidente de AgroActiva, Rosana Nardi, enfoc\u00f3 su discurso de apertura oficial en los inicios de la mega muestra agradeciendo a los impulsores y a los integrantes del equipo organizador que a lo largo de las distintas ediciones han colaborado para consolidarla.<\/p>\n<p>Nardi se remont\u00f3 a AgroActiva como idea: \u201cAl principio, los sue\u00f1os parecen imposibles, luego improbables y eventualmente algunos de ellos se vuelven inevitables. AgroActiva es producto de un gran sue\u00f1o que comenz\u00f3 hace 25 a\u00f1os, ac\u00e1 mismo, de la mano del Centro Industrial y el club Defensores de Armstrong\u201d.<\/p>\n<p>En el acto oficial la titular de la mega muestra que se desarrolla hasta el s\u00e1bado 29 en la ciudad santafesina de Armstrong sigui\u00f3 su relato: \u201cY fuimos muchos los que a lo largo del tiempo nos fuimos poniendo al hombro este sue\u00f1o.<\/p>\n<p>Fuimos muchos los involucrados con este fervor, con este microclima de energ\u00eda positiva y productiva que fue creciendo a\u00f1o a a\u00f1o y que a\u00fan hoy seguimos sintiendo por AgroActiva. Expositores, Visitantes, autoridades, trabajadores de prensa, diplom\u00e1ticos, proveedores, sponsors que nos impulsaron a crecer como Cadena 3 y el gobierno de Santa Fe y equipo organizador. Todos nosotros sentimos que este es nuestro espacio.\u00a0 Que esta es una muestra de lo que podemos hacer los argentinos\u201d.<\/p>\n<p>La identidad de los organizadores con las empresas que participan y el p\u00fablico que la visita todos los a\u00f1os es una cuesti\u00f3n que enfatiz\u00f3 la presidente de AgroActiva: \u201cY cada vez somos m\u00e1s. Somos una comunidad apasionada, porque AgroActiva es un sentimiento. Por supuesto que tambi\u00e9n somos profesionales, capaces y trabajadores pero esas condiciones no hubieran alcanzado por s\u00ed solas. Solamente con sentimiento, con pasi\u00f3n pudimos llegar a lo que somos hoy: la comunidad m\u00e1s activa del agro: Un mont\u00f3n de gente que compartimos los mismos valores y nos movilizamos y nos juntamos para sacudirnos la desidia de pensar que no se puede hacer nada por nuestro pa\u00eds\u201d.<\/p>\n<div class=\"wp-block-image\">\n<figure class=\"alignleft is-resized\"><img loading=\"lazy\" decoding=\"async\" class=\"wp-image-6361\" src=\"https:\/\/www.agroactiva.com\/wp-content\/uploads\/2019\/06\/IMG_7703-1024x683.jpg\" sizes=\"auto, (max-width: 322px) 100vw, 322px\" srcset=\"https:\/\/www.agroactiva.com\/wp-content\/uploads\/2019\/06\/IMG_7703-1024x683.jpg 1024w, https:\/\/www.agroactiva.com\/wp-content\/uploads\/2019\/06\/IMG_7703-300x200.jpg 300w, https:\/\/www.agroactiva.com\/wp-content\/uploads\/2019\/06\/IMG_7703-768x512.jpg 768w\" alt=\"\" width=\"322\" height=\"214\" \/><\/figure>\n<\/div>\n<p>\u201cEste lugar es especial. Ustedes son especiales y el grupo organizador de AA tambi\u00e9n lo es. Por eso en esta ciudad de oportunidades no van a encontrar ni una sola idea, ni un solo objetivo que nos hayamos puesto sin que nos haya entusiasmado\u201d.\u00a0 \u201cA todos los que conforman y conformaron esta enorme y entra\u00f1able comunidad de facilitadores y activadores quiero decirles gracias\u2026mil gracias por haber contribuido para que nuestro sue\u00f1o se haya vuelto inevitable. Comunidad de AgroActiva::!Felices 25 a\u00f1os!<\/p>\n<figure class=\"wp-block-audio\"><figcaption>\u00a0<\/figcaption><\/figure>\n<p><strong>Saludo del presidente Mauricio Macri<\/strong><\/p>\n<p>Durante el acto inaugural de la edici\u00f3n 2019 de AgroActiva se difundi\u00f3 el audio enviado a trav\u00e9s de un video enviado a los miembros de la organizaci\u00f3n de la mega muestra que se desarrolla hasta el s\u00e1bado 29 de junio en Armstrong, Santa Fe.<\/p>\n<p>El presidente Macri salud\u00f3 con un breve mensaje: \u201c\u00a1Hola AgroActiva! Este mensaje es para agradecerles a quienes est\u00e1n ah\u00ed: Mujeres y hombres del agro. Por trabajar todos los d\u00edas para que el campo sea el gran motor de la Argentina. Gracias por su compromiso por lo que hacen; por apostar a ustedes mismos y por seguir mejorando y renov\u00e1ndose para crecer. Como si esto fuera poco tambi\u00e9n hemos vuelto a ser una gran familia en las que las buenas pr\u00e1cticas se comparten \u00a1Les mando un fuerte abrazo y espero que la muestra sea un \u00e9xito!, finaliz\u00f3 el primer mandatario argentino.<\/p>\n<p>&nbsp;<\/p>\n<figure class=\"wp-block-audio\"><strong>Miguel Lifschitz<\/strong><\/p>\n<p>El gobernador de Santa Fe encabez\u00f3 el acto de inauguraci\u00f3n junto a autoridades nacionales, provinciales y locales en el escenario montado frente al p\u00f3rtico de acceso a AgroActiva, la mega muestra que se desarrolla hasta el s\u00e1bado 29 de junio en la ciudad santafesina de Armstrong.<\/p>\n<p>Lifschitz destac\u00f3 a AgroActiva como \u201cel gran evento de la producci\u00f3n y del trabajo de la Rep\u00fablica Argentina; pero especialmente de la regi\u00f3n agropecuaria. No es casual que est\u00e9 instalada la muestra nuevamente en la ciudad de Armstrong. En Santa Fe, casi con el l\u00edmite con C\u00f3rdoba y cerca de la provincia de Buenos Aires. Porque en esta regi\u00f3n late el coraz\u00f3n agropecuario y agro industrial de la Argentina. Es el sector m\u00e1s din\u00e1mico, m\u00e1s competitivo y m\u00e1s moderno de nuestra econom\u00eda. Se cumplen 25 a\u00f1os de una muestra que se ha convertido en la m\u00e1s importante muestra a campo abierto de la Argentina que naci\u00f3n en el interior y que tiene la visi\u00f3n para llevarla adelante a lo largo de este cuarto de siglo desde el interior. Eso es importante porque todos van a ver a todas las expresiones de la actividad productiva de la regi\u00f3n, a las empresas peque\u00f1as y medianas, a toda la diversidad agroindustrial de la Argentina que aqu\u00ed est\u00e1 representada; desde los m\u00e1s peque\u00f1os a los m\u00e1s grande. Son 25 a\u00f1os ininterrumpidos de AgroActiva en los cuales en los \u00faltimos desde su regreso a Santa Fe su crecimiento ha sido exponencial. Hoy m\u00e1s de seiscientos expositores, m\u00e1s de 16 delegaciones extranjeras nos permiten celebrar que a\u00fan en condiciones adversas del pa\u00eds sigue creciendo y mostrando sus perspectivas para el futuro\u201d.<\/p>\n<p>El mandatario santafesino destac\u00f3 que \u201cdesde nuestro gobierno hemos tratado de acompa\u00f1ar no s\u00f3lo a AgroActiva; sino a de acompa\u00f1ar a todo el sector agroindustrial de Santa Fe. Hemos establecido un marco de previsibilidad en materia tributaria; generando una mesa de an{alisis tributario que ha funcionado correctamente a lo largo de estos cuatro a\u00f1os de gesti\u00f3n; donde se han sentado en una mesa todas las patas de la producci\u00f3n de la provincia y hemos analizado los cambios en la legislaci\u00f3n para mejorar la situaci\u00f3n del sector agropecuario en particular y los sectores productivos en general. Al mismo tiempo hemos priorizado la inversi\u00f3n en infraestructura donde hemos intervenido en las redes viales primarias y secundarias de la provincia de Santa Fe y contribuido con los gobiernos locales para el mantenimiento de los caminos rurales. Hemos avanzado en promover y fomentar el desarrollo de las empresas peque\u00f1as y medianas industriales y que le dan valor agregado a la producci\u00f3n primaria. Nuestra gesti\u00f3n ha ayudado con financiamiento a las empresas.Adem\u00e1s hemos alentado la asistencia t\u00e9cnica y la internacionalizaci\u00f3n de nuestras empresas. Con la presencia de eventos y ferias nacionales e internacionales de nuestras empresas: hemos logrado que crezcan y se posicionen en el mercado. Hoy en AgroActiva m\u00e1s de 150 empresas van a estar mostrando su producci\u00f3n en el stand de la provincia de Santa Fe. Hemos promovido las buenas pr\u00e1cticas agr\u00edcolas porque creemos en una agricultura sustentable: no volviendo a las pr\u00e1cticas del siglo veinte con la ayuda de las nuevas tecnol\u00f3gicas. Tenemos desaf\u00edos pendiente de mejorar las condiciones del sector agropecuario; una normativa para ordenar la cuesti\u00f3n de los fitosanitarios y de una econom\u00eda que nos ponga en marcha a trav\u00e9s de grandes consensos que alienten al desarrollo y la productividad\u201d.<\/p>\n<p><strong>Santiago del Solar<\/strong><\/p>\n<p>El jefe de Gabinete de la Secretar\u00eda de Agroindustria de la Naci\u00f3n, Santiago del Solar particip\u00f3 del acto inaugural de AgroActiva en la soleada ma\u00f1ana del jueves en Armstrong.<\/p>\n<p>El funcionario de la gesti\u00f3n de Luis Miguel Etchevehere en su discurso declar\u00f3: \u201cEs un placer estar en el coraz\u00f3n productivo de Argentina y ver lo que es esta muestra que me voy a quedar a disfrutar lo que es la innovaci\u00f3n en maquinaria agr\u00edcola y los productores. El presidente Mauricio Macri sabe quienes est\u00e1n detr\u00e1s de las 145 millones de toneladas de la \u00faltima campa\u00f1a y quienes son los protagonistas: los fabricantes de maquinarias agr\u00edcolas; contratistas; acopiadores; los que despachan combustible; los que est\u00e1n con los repuestos y han logrado que se llegue a esta cosecha r\u00e9cord. Desde la gesti\u00f3n del presidente Macri hemos duplicado la producci\u00f3n de trigo; al llegar a 19 toneladas y se creci\u00f3 un cincuenta por ciento el \u00e1rea de siembra de ma\u00edz. Evidentemente est\u00e1n cambiando muchas cosas y con las provincias estamos cambiando las log\u00edsticas y los distintos sistemas para mejorar todo el proceso desde la cosecha hasta la descarga en puerto con distintas tecnolog\u00edas. Sabemos que falta mucho para hacer juntos y no queremos volver para atr\u00e1s cuando un cultivo como el ma\u00edz o el trigo estaba frenado por las retenciones y los Roer. Los Roer eran una ci\u00e9naga pestilente porque no era transparente para la exportaciones. Queremos un pa\u00eds con transparencia\u201d.<\/p>\n<p>El funcionario de la gesti\u00f3n nacional ha destacado las acciones que tienen planteadas a futuro es la apertura de mercado y los m\u00e1s cercanos son acuerdos firmados con pa\u00edses del Mercosur; Canad\u00e1, Corea, M\u00e9jico. Porque el paradigma \u201ctiene que ser exportar y producir alimentos. Apostamos a una pol\u00edtica exportadora como la carne que estamos llevando a Jap\u00f3n; a China; a Estados Unidos y otros pa\u00edses. Esta apertura nos permite aportar tecnolog\u00edas como las sembradoras argentinas que se est\u00e1n utilizando en distintos pa\u00edses del mundo\u201d.<\/p>\n<p>Del Solar se refiri\u00f3 a los \u201cproblemas ambientales\u201d como una de las cuestiones \u201cque nos preocupan y sabemos que hay mucho por hacer. Hemos trabajado con distintas entidades e instituciones y profesionales sobre las pulverizaciones porque sabemos que se pueden hacer bien y con tecnolog\u00edas que permitan buenas pr\u00e1cticas. En este sentido hemos elaborado un documento para trabajar con las provincias que tienen la potestad en esta materia. Las buenas pr\u00e1cticas agr\u00edcolas deben estar acompa\u00f1adas de experiencias cient\u00edficas. Las distancias arbitrarias que pretenden establecer distancias arbitrarias de cierta cantidad de metros no tienen ninguna base cient\u00edfica y no ayudan a la producci\u00f3n. Los cuidados que nos brindan las tecnolog\u00edas nos ayudan a tener una agricultura sostenible y mirando hacia adelante\u201d.<\/p>\n<p>En relaci\u00f3n a los cr\u00e9ditos que necesita el sector agropecuario el representante de la Secretar\u00eda de Agroindustria de la Naci\u00f3n reconoci\u00f3 la necesidad de financiamiento del sector. \u201cEl Banco Naci\u00f3n abri\u00f3 una nueva l\u00ednea de cr\u00e9ditos y eso es fundamental para la producci\u00f3n y la generaci\u00f3n de tecnolog\u00edas. Pero estamos convencidos que el motor de la econom\u00eda argentina es el campo. Es un orgullo estar ac\u00e1\u201d, concluy\u00f3 Del Solar.<\/p>\n<p><strong>Pablo Verdecchia<\/strong><\/p>\n<p>El intendente de Armstrong, la ciudad anfitriona de la mega muestra expres\u00f3: \u201cA pesar de la temperatura vemos como el ambiente dentro de AgroActiva se ha calentado porque hay much\u00edsimo calor humano; much\u00edsima gente y muchas personas visit\u00e1ndola. En fechas donde se cumplen 25 a\u00f1os de vida institucional podemos recordar tantas cosas. Para nosotros los armstronences que la vimos nacer y generarse a AgroActiva es un orgullo muy grande. Recordamos las esperanzas e ilusiones de los impulsores de AgroActiva que despu\u00e9s la familia Nardi los llev\u00f3 a d\u00f3nde corresponde: ser una de las muestras de maquinarias agr\u00edcolas m\u00e1s grande del mundo. Estamos tan orgullosos y emocionados de celebrar esta muestra din\u00e1mica; esta muestra del interior argentino y que nos representa. Es una muestra que a\u00f1o tras a\u00f1o nos muestra el trabajo y fruto de nuestros empresarios; de nuestros obreros que fabrican la maquinaria agr\u00edcola. Estamos en el coraz\u00f3n productivo de la maquinaria del pa\u00eds. La verdad es un orgullo ver que en cada edici\u00f3n vemos las innovaciones para la producci\u00f3n. Esta producci\u00f3n que en nuestro pa\u00eds con sus vaivenes es muy dif\u00edcil y en AgroActiva est\u00e1n quienes producen para que otros produzcan mejor y hace que se encuentren en AgroActiva que es una fiesta. Le agradezco a AgroActiva su existencia por generar negocios para todo el a\u00f1o m\u00e1s all\u00e1 de los cuatro d\u00edas que dura la exposici\u00f3n\u201d.<\/p>\n<\/figure>\n<p>&nbsp;<\/p>\n<\/div>\n","protected":false},"excerpt":{"rendered":"<p>El gobernador de Santa Fe, Miguel Lifschitz; la presidente de AgroActiva; Rosana Nardi; el jefe de Gabinete de la Secretar\u00eda de Agroindustria de la Naci\u00f3n, Santiago Del Solar; el intendente de Armstrong, la ciudad anfitriona de la mega muestra, Pablo Verdecchia y distintas autoridades nacionales, provinciales y locales. AgroActiva inaugur\u00f2 oficialmente su vig\u00e9simo quinta edici\u00f3n <a href=\"https:\/\/armstrongyregion.com.ar\/diario\/agroactiva-inauguro-oficialmente-su-25a-edicion-ante-miles-de-visitantes\/\" title=\"Read more\" >&#8230;<\/a><\/p>\n","protected":false},"author":1,"featured_media":22103,"comment_status":"open","ping_status":"open","sticky":false,"template":"","format":"standard","meta":{"_jetpack_memberships_contains_paid_content":false,"footnotes":"","jetpack_publicize_message":"","jetpack_publicize_feature_enabled":true,"jetpack_social_post_already_shared":false,"jetpack_social_options":{"image_generator_settings":{"template":"highway","default_image_id":0,"enabled":false},"version":2}},"categories":[6,8,1,2,3],"tags":[492,607,317,8054,8055],"class_list":["post-22101","post","type-post","status-publish","format-standard","has-post-thumbnail","hentry","category-cultura-entretenimiento","category-deliberando","category-diario-armstrong","category-locales","category-region","tag-agroactiva","tag-ante","tag-edicion","tag-oficializo","tag-su-25"],"jetpack_publicize_connections":[],"jetpack_featured_media_url":"https:\/\/armstrongyregion.com.ar\/diario\/wp-content\/uploads\/2019\/06\/AgroActiva-25.jpg","jetpack_shortlink":"https:\/\/wp.me\/p62QDO-5Kt","jetpack_sharing_enabled":true,"amp_enabled":true,"_links":{"self":[{"href":"https:\/\/armstrongyregion.com.ar\/diario\/wp-json\/wp\/v2\/posts\/22101","targetHints":{"allow":["GET"]}}],"collection":[{"href":"https:\/\/armstrongyregion.com.ar\/diario\/wp-json\/wp\/v2\/posts"}],"about":[{"href":"https:\/\/armstrongyregion.com.ar\/diario\/wp-json\/wp\/v2\/types\/post"}],"author":[{"embeddable":true,"href":"https:\/\/armstrongyregion.com.ar\/diario\/wp-json\/wp\/v2\/users\/1"}],"replies":[{"embeddable":true,"href":"https:\/\/armstrongyregion.com.ar\/diario\/wp-json\/wp\/v2\/comments?post=22101"}],"version-history":[{"count":0,"href":"https:\/\/armstrongyregion.com.ar\/diario\/wp-json\/wp\/v2\/posts\/22101\/revisions"}],"wp:featuredmedia":[{"embeddable":true,"href":"https:\/\/armstrongyregion.com.ar\/diario\/wp-json\/wp\/v2\/media\/22103"}],"wp:attachment":[{"href":"https:\/\/armstrongyregion.com.ar\/diario\/wp-json\/wp\/v2\/media?parent=22101"}],"wp:term":[{"taxonomy":"category","embeddable":true,"href":"https:\/\/armstrongyregion.com.ar\/diario\/wp-json\/wp\/v2\/categories?post=22101"},{"taxonomy":"post_tag","embeddable":true,"href":"https:\/\/armstrongyregion.com.ar\/diario\/wp-json\/wp\/v2\/tags?post=22101"}],"curies":[{"name":"wp","href":"https:\/\/api.w.org\/{rel}","templated":true}]}}