{"id":22081,"date":"2019-06-26T13:17:52","date_gmt":"2019-06-26T13:17:52","guid":{"rendered":"https:\/\/armstrongyregion.com.ar\/diario\/?p=22081"},"modified":"2019-06-26T13:17:52","modified_gmt":"2019-06-26T13:17:52","slug":"agroactiva-programacion-en-el-espacio-institucional-de-armstrong","status":"publish","type":"post","link":"https:\/\/armstrongyregion.com.ar\/diario\/agroactiva-programacion-en-el-espacio-institucional-de-armstrong\/","title":{"rendered":"AgroActiva: Programaci\u00f3n en el espacio institucional de Armstrong."},"content":{"rendered":"<p><u><a href=\"http:\/\/armstrongyregion.com.ar\/diario\/wp-content\/uploads\/2017\/05\/agroactiva-.jpg\"><img loading=\"lazy\" decoding=\"async\" class=\"alignnone size-full wp-image-13146\" src=\"http:\/\/armstrongyregion.com.ar\/diario\/wp-content\/uploads\/2017\/05\/agroactiva-.jpg\" alt=\"agroactiva-\" width=\"768\" height=\"433\" srcset=\"https:\/\/armstrongyregion.com.ar\/diario\/wp-content\/uploads\/2017\/05\/agroactiva-.jpg 768w, https:\/\/armstrongyregion.com.ar\/diario\/wp-content\/uploads\/2017\/05\/agroactiva--300x169.jpg 300w\" sizes=\"auto, (max-width: 768px) 100vw, 768px\" \/><\/a>Mi\u00e9rcoles 26 de junio<\/u>:<\/p>\n<p>Por la tarde, charla \u201dPor una ciudad m\u00e1s sustentable\u201d, a cargo de Gustavo Cafaratti.<\/p>\n<p><u>\u00a0<\/u><\/p>\n<p><u>Jueves 27 de junio<\/u>:<\/p>\n<p>Por la ma\u00f1ana, charla \u201dPor una ciudad m\u00e1s sustentable\u201d, a cargo de Gustavo Cafaratti.<\/p>\n<p>13:30 hs. Acto habilitaci\u00f3n oficial.<\/p>\n<p>Por la tarde, charla \u201dPor una ciudad m\u00e1s sustentable\u201d, a cargo de Gustavo Cafaratti.<\/p>\n<p><u>\u00a0<\/u><\/p>\n<p><u>Viernes 28 de junio<\/u>:<\/p>\n<p>Por la ma\u00f1ana, charla \u201dPor una ciudad m\u00e1s sustentable\u201d, a cargo de Gustavo Cafaratti.<\/p>\n<p>&nbsp;<\/p>\n<p><u>S\u00e1bado 29 de junio<\/u>:<\/p>\n<p>De 10:30 a 13 hs. Presentaci\u00f3n de elencos estables del Conservatorio Municipal de M\u00fasica \u201cEnzo Vacchino\u201d<\/p>\n<p>Las charlas a cargo del Sr. Cafaratti se dar\u00e1n cuando los ni\u00f1os de las escuelas vayan arribando al lugar.<\/p>\n<p>Adem\u00e1s, todos los d\u00edas a las 15 hs. habr\u00e1 demostraci\u00f3n de equitaci\u00f3n y paseos gratuitos a caballo.<\/p>\n<p>Estar\u00e1n presentes emprendedores locales, espacios del Museo Hist\u00f3rico y del Conservatorio Municipal, cooperativas, medios de comunicaci\u00f3n, habr\u00e1 espect\u00e1culos y espacios interactivos tanto en el interior como en el exterior de la carpa.<\/p>\n<p>La Municipalidad de Armstrong facilita el transporte para que los estudiantes de los niveles primario y secundario de la ciudad puedan visitar la muestra.<\/p>\n<p>&nbsp;<\/p>\n<p>&nbsp;<\/p>\n<p>&nbsp;<\/p>\n","protected":false},"excerpt":{"rendered":"<p>Mi\u00e9rcoles 26 de junio: Por la tarde, charla \u201dPor una ciudad m\u00e1s sustentable\u201d, a cargo de Gustavo Cafaratti. \u00a0 Jueves 27 de junio: Por la ma\u00f1ana, charla \u201dPor una ciudad m\u00e1s sustentable\u201d, a cargo de Gustavo Cafaratti. 13:30 hs. Acto habilitaci\u00f3n oficial. Por la tarde, charla \u201dPor una ciudad m\u00e1s sustentable\u201d, a cargo de Gustavo <a href=\"https:\/\/armstrongyregion.com.ar\/diario\/agroactiva-programacion-en-el-espacio-institucional-de-armstrong\/\" title=\"Read more\" >&#8230;<\/a><\/p>\n","protected":false},"author":1,"featured_media":20675,"comment_status":"open","ping_status":"open","sticky":false,"template":"","format":"standard","meta":{"_jetpack_memberships_contains_paid_content":false,"footnotes":"","jetpack_publicize_message":"","jetpack_publicize_feature_enabled":true,"jetpack_social_post_already_shared":false,"jetpack_social_options":{"image_generator_settings":{"template":"highway","default_image_id":0,"enabled":false},"version":2}},"categories":[8,1,2,7,3],"tags":[8048],"class_list":["post-22081","post","type-post","status-publish","format-standard","has-post-thumbnail","hentry","category-deliberando","category-diario-armstrong","category-locales","category-politica","category-region","tag-programacion-en-el-espacio-institucional-de-armstrong"],"jetpack_publicize_connections":[],"jetpack_featured_media_url":"https:\/\/armstrongyregion.com.ar\/diario\/wp-content\/uploads\/2019\/03\/AgroActiva-2019-.jpg","jetpack_shortlink":"https:\/\/wp.me\/p62QDO-5K9","jetpack_sharing_enabled":true,"amp_enabled":true,"_links":{"self":[{"href":"https:\/\/armstrongyregion.com.ar\/diario\/wp-json\/wp\/v2\/posts\/22081","targetHints":{"allow":["GET"]}}],"collection":[{"href":"https:\/\/armstrongyregion.com.ar\/diario\/wp-json\/wp\/v2\/posts"}],"about":[{"href":"https:\/\/armstrongyregion.com.ar\/diario\/wp-json\/wp\/v2\/types\/post"}],"author":[{"embeddable":true,"href":"https:\/\/armstrongyregion.com.ar\/diario\/wp-json\/wp\/v2\/users\/1"}],"replies":[{"embeddable":true,"href":"https:\/\/armstrongyregion.com.ar\/diario\/wp-json\/wp\/v2\/comments?post=22081"}],"version-history":[{"count":0,"href":"https:\/\/armstrongyregion.com.ar\/diario\/wp-json\/wp\/v2\/posts\/22081\/revisions"}],"wp:featuredmedia":[{"embeddable":true,"href":"https:\/\/armstrongyregion.com.ar\/diario\/wp-json\/wp\/v2\/media\/20675"}],"wp:attachment":[{"href":"https:\/\/armstrongyregion.com.ar\/diario\/wp-json\/wp\/v2\/media?parent=22081"}],"wp:term":[{"taxonomy":"category","embeddable":true,"href":"https:\/\/armstrongyregion.com.ar\/diario\/wp-json\/wp\/v2\/categories?post=22081"},{"taxonomy":"post_tag","embeddable":true,"href":"https:\/\/armstrongyregion.com.ar\/diario\/wp-json\/wp\/v2\/tags?post=22081"}],"curies":[{"name":"wp","href":"https:\/\/api.w.org\/{rel}","templated":true}]}}