{"id":2207,"date":"2015-05-18T20:04:48","date_gmt":"2015-05-18T20:04:48","guid":{"rendered":"https:\/\/armstrongyregion.com.ar\/diario\/?p=2207"},"modified":"2015-05-18T20:04:48","modified_gmt":"2015-05-18T20:04:48","slug":"respaldo-del-municipio-a-campana-de-la-voz-organizada-por-alcec","status":"publish","type":"post","link":"https:\/\/armstrongyregion.com.ar\/diario\/respaldo-del-municipio-a-campana-de-la-voz-organizada-por-alcec\/","title":{"rendered":"Respaldo del municipio a Campa\u00f1a de la voz organizada por ALCEC."},"content":{"rendered":"<p><a href=\"http:\/\/armstrongyregion.com.ar\/diario\/wp-content\/uploads\/2015\/05\/alcec.jpg\"><img loading=\"lazy\" decoding=\"async\" src=\"http:\/\/armstrongyregion.com.ar\/diario\/wp-content\/uploads\/2015\/05\/alcec-300x200.jpg\" alt=\"alcec\" width=\"300\" height=\"200\" class=\"alignnone size-medium wp-image-2208\" srcset=\"https:\/\/armstrongyregion.com.ar\/diario\/wp-content\/uploads\/2015\/05\/alcec-300x200.jpg 300w, https:\/\/armstrongyregion.com.ar\/diario\/wp-content\/uploads\/2015\/05\/alcec.jpg 960w\" sizes=\"auto, (max-width: 300px) 100vw, 300px\" \/><\/a>La iniciativa llev\u00f3 el nombre de Walter Gasparetti como homenaje al<br \/>\nperiodista ca\u00f1adense. Se realizaron estudios gratuitos en la sede de la<br \/>\ninstituci\u00f3n.<\/p>\n<p>Alcec organiz\u00f3 una nueva edici\u00f3n de la campa\u00f1a de la voz con el apoyo<br \/>\ndel municipio. A partir de esta edici\u00f3n la iniciativa lleva el nombre de<br \/>\nWalter Gasparetti, en homenaje al periodista ca\u00f1adenese.<br \/>\nLa intendenta Cl\u00e9rici particip\u00f3 de la jornada realizada en la sede de<br \/>\nla instituci\u00f3n donde los especialistas Dr. Pablo Di Mar\u00eda<br \/>\n(otorrinolaring\u00f3logo) y la Lic. en Fonoaudiolog\u00eda Candela Scartacini,<br \/>\nrealizaron estudios gratuitos para detectar problemas de voz.<\/p>\n","protected":false},"excerpt":{"rendered":"<p>La iniciativa llev\u00f3 el nombre de Walter Gasparetti como homenaje al periodista ca\u00f1adense. Se realizaron estudios gratuitos en la sede de la instituci\u00f3n. Alcec organiz\u00f3 una nueva edici\u00f3n de la campa\u00f1a de la voz con el apoyo del municipio. A partir de esta edici\u00f3n la iniciativa lleva el nombre de Walter Gasparetti, en homenaje al <a href=\"https:\/\/armstrongyregion.com.ar\/diario\/respaldo-del-municipio-a-campana-de-la-voz-organizada-por-alcec\/\" title=\"Read more\" >&#8230;<\/a><\/p>\n","protected":false},"author":2,"featured_media":2208,"comment_status":"open","ping_status":"open","sticky":false,"template":"","format":"standard","meta":{"_jetpack_memberships_contains_paid_content":false,"footnotes":"","jetpack_publicize_message":"","jetpack_publicize_feature_enabled":true,"jetpack_social_post_already_shared":false,"jetpack_social_options":{"image_generator_settings":{"template":"highway","default_image_id":0,"enabled":false},"version":2}},"categories":[1,3],"tags":[33,1696,1007,19,53,31,217,1738,60,638,1737],"class_list":["post-2207","post","type-post","status-publish","format-standard","has-post-thumbnail","hentry","category-diario-armstrong","category-region","tag-a","tag-alcec","tag-campana","tag-de","tag-del","tag-la","tag-municipio","tag-organizada","tag-por","tag-respaldo","tag-voz"],"jetpack_publicize_connections":[],"jetpack_featured_media_url":"https:\/\/armstrongyregion.com.ar\/diario\/wp-content\/uploads\/2015\/05\/alcec.jpg","jetpack_shortlink":"https:\/\/wp.me\/p62QDO-zB","jetpack_sharing_enabled":true,"amp_enabled":true,"_links":{"self":[{"href":"https:\/\/armstrongyregion.com.ar\/diario\/wp-json\/wp\/v2\/posts\/2207","targetHints":{"allow":["GET"]}}],"collection":[{"href":"https:\/\/armstrongyregion.com.ar\/diario\/wp-json\/wp\/v2\/posts"}],"about":[{"href":"https:\/\/armstrongyregion.com.ar\/diario\/wp-json\/wp\/v2\/types\/post"}],"author":[{"embeddable":true,"href":"https:\/\/armstrongyregion.com.ar\/diario\/wp-json\/wp\/v2\/users\/2"}],"replies":[{"embeddable":true,"href":"https:\/\/armstrongyregion.com.ar\/diario\/wp-json\/wp\/v2\/comments?post=2207"}],"version-history":[{"count":0,"href":"https:\/\/armstrongyregion.com.ar\/diario\/wp-json\/wp\/v2\/posts\/2207\/revisions"}],"wp:featuredmedia":[{"embeddable":true,"href":"https:\/\/armstrongyregion.com.ar\/diario\/wp-json\/wp\/v2\/media\/2208"}],"wp:attachment":[{"href":"https:\/\/armstrongyregion.com.ar\/diario\/wp-json\/wp\/v2\/media?parent=2207"}],"wp:term":[{"taxonomy":"category","embeddable":true,"href":"https:\/\/armstrongyregion.com.ar\/diario\/wp-json\/wp\/v2\/categories?post=2207"},{"taxonomy":"post_tag","embeddable":true,"href":"https:\/\/armstrongyregion.com.ar\/diario\/wp-json\/wp\/v2\/tags?post=2207"}],"curies":[{"name":"wp","href":"https:\/\/api.w.org\/{rel}","templated":true}]}}