{"id":22066,"date":"2019-06-25T01:07:22","date_gmt":"2019-06-25T01:07:22","guid":{"rendered":"https:\/\/armstrongyregion.com.ar\/diario\/?p=22066"},"modified":"2019-06-25T01:07:22","modified_gmt":"2019-06-25T01:07:22","slug":"gramigna-somos-la-fuerza-politica-que-mas-crecio-en-los-ultimos-anos","status":"publish","type":"post","link":"https:\/\/armstrongyregion.com.ar\/diario\/gramigna-somos-la-fuerza-politica-que-mas-crecio-en-los-ultimos-anos\/","title":{"rendered":"Gramigna: \u201cSomos la fuerza Pol\u00edtica que m\u00e1s creci\u00f3 en los \u00faltimos a\u00f1os\u201d"},"content":{"rendered":"<div dir=\"auto\"><a href=\"http:\/\/armstrongyregion.com.ar\/diario\/wp-content\/uploads\/2019\/06\/Emiliano-concejal-balance.jpg\"><img loading=\"lazy\" decoding=\"async\" class=\"alignnone size-full wp-image-22067\" src=\"http:\/\/armstrongyregion.com.ar\/diario\/wp-content\/uploads\/2019\/06\/Emiliano-concejal-balance.jpg\" alt=\"Emiliano-concejal-balance\" width=\"400\" height=\"456\" srcset=\"https:\/\/armstrongyregion.com.ar\/diario\/wp-content\/uploads\/2019\/06\/Emiliano-concejal-balance.jpg 400w, https:\/\/armstrongyregion.com.ar\/diario\/wp-content\/uploads\/2019\/06\/Emiliano-concejal-balance-263x300.jpg 263w\" sizes=\"auto, (max-width: 400px) 100vw, 400px\" \/><\/a>As\u00ed refiri\u00f3 el actual concejal y reelecto nuevamente al cargo Emiliano Gramigna respecto a las \u00faltimas elecciones en la Ciudad \u201cConformamos una fuerza pol\u00edtica nueva, arrancando de abajo, sin hacer campa\u00f1a con la estructura del estado ni con la gesti\u00f3n p\u00fablica, sino que lo hicimos con propuestas reales y con el producto del trabajo de estos cuatro a\u00f1os y que se vio reflejado en las urnas el domingo siendo la fuerza pol\u00edtica que m\u00e1s creci\u00f3 en los \u00faltimos a\u00f1os\u201d.<\/div>\n<div dir=\"auto\">Luego a\u00f1adi\u00f3: \u00ab\u201cLa proyecci\u00f3n al futuro es excelente y vamos a trabajar para tener un gobierno municipal eficiente y que piense en las necesidades de la gente y no en las necesidades de la pol\u00edtica, tocan a\u00f1os de mucho trabajo y seguir honrando la confianza de la inmensa cantidad de gente que nos eligi\u00f3\u201d.<\/div>\n<div dir=\"auto\"><\/div>\n<div dir=\"auto\">Adem\u00e1s agreg\u00f3 \u201cQuiero agradecer a todos los fiscales que cuidaron los votos y que lo hicieron en forma desinteresada porque creen en un proyecto de ciudad, a todos los que conformaron la lista y a los militantes que llevaron nuestras propuestas a cada rinc\u00f3n de la ciudad\u201d.<\/div>\n<div dir=\"auto\">Para concluir manifest\u00f3 \u201cQueremos y vemos la necesidad de un cambio de gobierno local y estamos convencidos que siempre va a ser mirando al futuro, priorizando el porvenir de nuestra gente y no de los dirigentes\u201d.<\/div>\n","protected":false},"excerpt":{"rendered":"<p>As\u00ed refiri\u00f3 el actual concejal y reelecto nuevamente al cargo Emiliano Gramigna respecto a las \u00faltimas elecciones en la Ciudad \u201cConformamos una fuerza pol\u00edtica nueva, arrancando de abajo, sin hacer campa\u00f1a con la estructura del estado ni con la gesti\u00f3n p\u00fablica, sino que lo hicimos con propuestas reales y con el producto del trabajo de <a href=\"https:\/\/armstrongyregion.com.ar\/diario\/gramigna-somos-la-fuerza-politica-que-mas-crecio-en-los-ultimos-anos\/\" title=\"Read more\" >&#8230;<\/a><\/p>\n","protected":false},"author":1,"featured_media":22067,"comment_status":"open","ping_status":"open","sticky":false,"template":"","format":"standard","meta":{"_jetpack_memberships_contains_paid_content":false,"footnotes":"","jetpack_publicize_message":"","jetpack_publicize_feature_enabled":true,"jetpack_social_post_already_shared":false,"jetpack_social_options":{"image_generator_settings":{"template":"highway","default_image_id":0,"enabled":false},"version":2}},"categories":[8,1,2,7],"tags":[8044],"class_list":["post-22066","post","type-post","status-publish","format-standard","has-post-thumbnail","hentry","category-deliberando","category-diario-armstrong","category-locales","category-politica","tag-gramigna-somos-la-fuerza-politica-que-mas-crecio-en-los-ultimos-anos"],"jetpack_publicize_connections":[],"jetpack_featured_media_url":"https:\/\/armstrongyregion.com.ar\/diario\/wp-content\/uploads\/2019\/06\/Emiliano-concejal-balance.jpg","jetpack_shortlink":"https:\/\/wp.me\/p62QDO-5JU","jetpack_sharing_enabled":true,"amp_enabled":true,"_links":{"self":[{"href":"https:\/\/armstrongyregion.com.ar\/diario\/wp-json\/wp\/v2\/posts\/22066","targetHints":{"allow":["GET"]}}],"collection":[{"href":"https:\/\/armstrongyregion.com.ar\/diario\/wp-json\/wp\/v2\/posts"}],"about":[{"href":"https:\/\/armstrongyregion.com.ar\/diario\/wp-json\/wp\/v2\/types\/post"}],"author":[{"embeddable":true,"href":"https:\/\/armstrongyregion.com.ar\/diario\/wp-json\/wp\/v2\/users\/1"}],"replies":[{"embeddable":true,"href":"https:\/\/armstrongyregion.com.ar\/diario\/wp-json\/wp\/v2\/comments?post=22066"}],"version-history":[{"count":0,"href":"https:\/\/armstrongyregion.com.ar\/diario\/wp-json\/wp\/v2\/posts\/22066\/revisions"}],"wp:featuredmedia":[{"embeddable":true,"href":"https:\/\/armstrongyregion.com.ar\/diario\/wp-json\/wp\/v2\/media\/22067"}],"wp:attachment":[{"href":"https:\/\/armstrongyregion.com.ar\/diario\/wp-json\/wp\/v2\/media?parent=22066"}],"wp:term":[{"taxonomy":"category","embeddable":true,"href":"https:\/\/armstrongyregion.com.ar\/diario\/wp-json\/wp\/v2\/categories?post=22066"},{"taxonomy":"post_tag","embeddable":true,"href":"https:\/\/armstrongyregion.com.ar\/diario\/wp-json\/wp\/v2\/tags?post=22066"}],"curies":[{"name":"wp","href":"https:\/\/api.w.org\/{rel}","templated":true}]}}