{"id":22038,"date":"2019-06-23T16:07:15","date_gmt":"2019-06-23T16:07:15","guid":{"rendered":"https:\/\/armstrongyregion.com.ar\/diario\/?p=22038"},"modified":"2019-06-23T16:07:15","modified_gmt":"2019-06-23T16:07:15","slug":"charla-debate-a-50-anos-de-la-pueblada-en-defensa-del-padre-amiratti","status":"publish","type":"post","link":"https:\/\/armstrongyregion.com.ar\/diario\/charla-debate-a-50-anos-de-la-pueblada-en-defensa-del-padre-amiratti\/","title":{"rendered":"Charla-Debate:  \u201cA 50 a\u00f1os de la pueblada en defensa del Padre Amiratti\u201d."},"content":{"rendered":"<p><a href=\"http:\/\/armstrongyregion.com.ar\/diario\/wp-content\/uploads\/2019\/06\/Am007.jpg\"><img loading=\"lazy\" decoding=\"async\" class=\"alignnone size-full wp-image-22039\" src=\"http:\/\/armstrongyregion.com.ar\/diario\/wp-content\/uploads\/2019\/06\/Am007.jpg\" alt=\"Am007\" width=\"768\" height=\"441\" srcset=\"https:\/\/armstrongyregion.com.ar\/diario\/wp-content\/uploads\/2019\/06\/Am007.jpg 768w, https:\/\/armstrongyregion.com.ar\/diario\/wp-content\/uploads\/2019\/06\/Am007-300x172.jpg 300w\" sizes=\"auto, (max-width: 768px) 100vw, 768px\" \/><\/a>Con la presencia del periodista, historiador y legislador\u00a0<a class=\"m_132049953516450884ydp46126e6cprofileLink\" title=\"Carlos del Frade\" href=\"https:\/\/www.facebook.com\/carlos.delfrade?__tn__=%2CdK-R-R&amp;eid=ARDyH0594Ipw96b5MfdN2Za352lPzTQZJJAaGoKAhL2aYzyV8v-dFQr9QeKGVpe2lGYKipRHTGJbbIOn&amp;fref=mentions\" target=\"_blank\" rel=\"nofollow\" data-saferedirecturl=\"https:\/\/www.google.com\/url?q=https:\/\/www.facebook.com\/carlos.delfrade?__tn__%3D%252CdK-R-R%26eid%3DARDyH0594Ipw96b5MfdN2Za352lPzTQZJJAaGoKAhL2aYzyV8v-dFQr9QeKGVpe2lGYKipRHTGJbbIOn%26fref%3Dmentions&amp;source=gmail&amp;ust=1561392188296000&amp;usg=AFQjCNEhWAtP_LjhQ2XsodailfapfkSz7w\">Carlos del Frade<\/a><br \/>\nMuestra de Libros, documentos, afiches, carteles y fotos.<\/p>\n<div><a href=\"http:\/\/armstrongyregion.com.ar\/diario\/wp-content\/uploads\/2019\/06\/amirati2.jpg\"><img loading=\"lazy\" decoding=\"async\" class=\"alignnone size-full wp-image-22040\" src=\"http:\/\/armstrongyregion.com.ar\/diario\/wp-content\/uploads\/2019\/06\/amirati2.jpg\" alt=\"amirati2\" width=\"668\" height=\"500\" srcset=\"https:\/\/armstrongyregion.com.ar\/diario\/wp-content\/uploads\/2019\/06\/amirati2.jpg 668w, https:\/\/armstrongyregion.com.ar\/diario\/wp-content\/uploads\/2019\/06\/amirati2-300x225.jpg 300w\" sizes=\"auto, (max-width: 668px) 100vw, 668px\" \/><\/a>D\u00eda y Lugar: Domingo 30 de Junio- 19:30hs. Biblioteca Popular \u201cPablo A. Pizzurno\u201d,Irigoyen 272.<\/div>\n<div class=\"m_132049953516450884ydp46126e6ctext_exposed_show\">\n<p>Conmemoraci\u00f3n de las recordadas jornadas de junio y julio de 1969 en las que el pueblo de Ca\u00f1ada de G\u00f3mez tom\u00f3 las calles y se moviliz\u00f3 para protestar y luchar por la defensa del Padre Armando Amiratti<\/p>\n<\/div>\n","protected":false},"excerpt":{"rendered":"<p>Con la presencia del periodista, historiador y legislador\u00a0Carlos del Frade Muestra de Libros, documentos, afiches, carteles y fotos. D\u00eda y Lugar: Domingo 30 de Junio- 19:30hs. Biblioteca Popular \u201cPablo A. Pizzurno\u201d,Irigoyen 272. Conmemoraci\u00f3n de las recordadas jornadas de junio y julio de 1969 en las que el pueblo de Ca\u00f1ada de G\u00f3mez tom\u00f3 las calles <a href=\"https:\/\/armstrongyregion.com.ar\/diario\/charla-debate-a-50-anos-de-la-pueblada-en-defensa-del-padre-amiratti\/\" title=\"Read more\" >&#8230;<\/a><\/p>\n","protected":false},"author":1,"featured_media":22039,"comment_status":"open","ping_status":"open","sticky":false,"template":"","format":"standard","meta":{"_jetpack_memberships_contains_paid_content":false,"footnotes":"","jetpack_publicize_message":"","jetpack_publicize_feature_enabled":true,"jetpack_social_post_already_shared":false,"jetpack_social_options":{"image_generator_settings":{"template":"highway","default_image_id":0,"enabled":false},"version":2}},"categories":[6,8,1,2,3],"tags":[8035],"class_list":["post-22038","post","type-post","status-publish","format-standard","has-post-thumbnail","hentry","category-cultura-entretenimiento","category-deliberando","category-diario-armstrong","category-locales","category-region","tag-charla-debate-a-50-anos-de-la-pueblada-en-defensa-del-padre-amiratti"],"jetpack_publicize_connections":[],"jetpack_featured_media_url":"https:\/\/armstrongyregion.com.ar\/diario\/wp-content\/uploads\/2019\/06\/Am007.jpg","jetpack_shortlink":"https:\/\/wp.me\/p62QDO-5Js","jetpack_sharing_enabled":true,"amp_enabled":true,"_links":{"self":[{"href":"https:\/\/armstrongyregion.com.ar\/diario\/wp-json\/wp\/v2\/posts\/22038","targetHints":{"allow":["GET"]}}],"collection":[{"href":"https:\/\/armstrongyregion.com.ar\/diario\/wp-json\/wp\/v2\/posts"}],"about":[{"href":"https:\/\/armstrongyregion.com.ar\/diario\/wp-json\/wp\/v2\/types\/post"}],"author":[{"embeddable":true,"href":"https:\/\/armstrongyregion.com.ar\/diario\/wp-json\/wp\/v2\/users\/1"}],"replies":[{"embeddable":true,"href":"https:\/\/armstrongyregion.com.ar\/diario\/wp-json\/wp\/v2\/comments?post=22038"}],"version-history":[{"count":0,"href":"https:\/\/armstrongyregion.com.ar\/diario\/wp-json\/wp\/v2\/posts\/22038\/revisions"}],"wp:featuredmedia":[{"embeddable":true,"href":"https:\/\/armstrongyregion.com.ar\/diario\/wp-json\/wp\/v2\/media\/22039"}],"wp:attachment":[{"href":"https:\/\/armstrongyregion.com.ar\/diario\/wp-json\/wp\/v2\/media?parent=22038"}],"wp:term":[{"taxonomy":"category","embeddable":true,"href":"https:\/\/armstrongyregion.com.ar\/diario\/wp-json\/wp\/v2\/categories?post=22038"},{"taxonomy":"post_tag","embeddable":true,"href":"https:\/\/armstrongyregion.com.ar\/diario\/wp-json\/wp\/v2\/tags?post=22038"}],"curies":[{"name":"wp","href":"https:\/\/api.w.org\/{rel}","templated":true}]}}