{"id":22015,"date":"2019-06-19T22:03:44","date_gmt":"2019-06-19T22:03:44","guid":{"rendered":"https:\/\/armstrongyregion.com.ar\/diario\/?p=22015"},"modified":"2019-06-19T22:24:25","modified_gmt":"2019-06-19T22:24:25","slug":"21-denuncias-en-el-buzon-de-la-vida","status":"publish","type":"post","link":"https:\/\/armstrongyregion.com.ar\/diario\/21-denuncias-en-el-buzon-de-la-vida\/","title":{"rendered":"21 Denuncias en el Buz\u00f3n de la vida"},"content":{"rendered":"<p>Luis Leiva junto a representantes de vecinales e instituciones, realizaron una nueva apertura de esta herramienta ubicada en el Cuartel del Bomberos Voluntarios.<\/p>\n<p>En la ma\u00f1ana de hoy se realiz\u00f3 una nueva apertura del Buz\u00f3n de la Vida en las instalaciones del Cuartel de Bomberos. El acto fue encabezado por Luis Leiva en representaci\u00f3n del Concejo de Seguridad.<\/p>\n<p>Ante la participaci\u00f3n de representantes de instituciones y vecinales se encontraron 21 denuncias que fueron remitidas a la Justicia Federal.<\/p>\n","protected":false},"excerpt":{"rendered":"<p>Luis Leiva junto a representantes de vecinales e instituciones, realizaron una nueva apertura de esta herramienta ubicada en el Cuartel del Bomberos Voluntarios. En la ma\u00f1ana de hoy se realiz\u00f3 una nueva apertura del Buz\u00f3n de la Vida en las instalaciones del Cuartel de Bomberos. El acto fue encabezado por Luis Leiva en representaci\u00f3n del <a href=\"https:\/\/armstrongyregion.com.ar\/diario\/21-denuncias-en-el-buzon-de-la-vida\/\" title=\"Read more\" >&#8230;<\/a><\/p>\n","protected":false},"author":2,"featured_media":22016,"comment_status":"open","ping_status":"open","sticky":false,"template":"","format":"standard","meta":{"_jetpack_memberships_contains_paid_content":false,"footnotes":"","jetpack_publicize_message":"","jetpack_publicize_feature_enabled":true,"jetpack_social_post_already_shared":false,"jetpack_social_options":{"image_generator_settings":{"template":"highway","default_image_id":0,"enabled":false},"version":2}},"categories":[1,2852],"tags":[],"class_list":["post-22015","post","type-post","status-publish","format-standard","has-post-thumbnail","hentry","category-diario-armstrong","category-policiales"],"jetpack_publicize_connections":[],"jetpack_featured_media_url":"https:\/\/armstrongyregion.com.ar\/diario\/wp-content\/uploads\/2019\/06\/DENUNCIAS-EN-EL-BUZ\u00d3N-DE-LA-VIDA.jpeg","jetpack_shortlink":"https:\/\/wp.me\/p62QDO-5J5","jetpack_sharing_enabled":true,"amp_enabled":true,"_links":{"self":[{"href":"https:\/\/armstrongyregion.com.ar\/diario\/wp-json\/wp\/v2\/posts\/22015","targetHints":{"allow":["GET"]}}],"collection":[{"href":"https:\/\/armstrongyregion.com.ar\/diario\/wp-json\/wp\/v2\/posts"}],"about":[{"href":"https:\/\/armstrongyregion.com.ar\/diario\/wp-json\/wp\/v2\/types\/post"}],"author":[{"embeddable":true,"href":"https:\/\/armstrongyregion.com.ar\/diario\/wp-json\/wp\/v2\/users\/2"}],"replies":[{"embeddable":true,"href":"https:\/\/armstrongyregion.com.ar\/diario\/wp-json\/wp\/v2\/comments?post=22015"}],"version-history":[{"count":0,"href":"https:\/\/armstrongyregion.com.ar\/diario\/wp-json\/wp\/v2\/posts\/22015\/revisions"}],"wp:featuredmedia":[{"embeddable":true,"href":"https:\/\/armstrongyregion.com.ar\/diario\/wp-json\/wp\/v2\/media\/22016"}],"wp:attachment":[{"href":"https:\/\/armstrongyregion.com.ar\/diario\/wp-json\/wp\/v2\/media?parent=22015"}],"wp:term":[{"taxonomy":"category","embeddable":true,"href":"https:\/\/armstrongyregion.com.ar\/diario\/wp-json\/wp\/v2\/categories?post=22015"},{"taxonomy":"post_tag","embeddable":true,"href":"https:\/\/armstrongyregion.com.ar\/diario\/wp-json\/wp\/v2\/tags?post=22015"}],"curies":[{"name":"wp","href":"https:\/\/api.w.org\/{rel}","templated":true}]}}