{"id":21991,"date":"2019-06-17T21:24:47","date_gmt":"2019-06-17T21:24:47","guid":{"rendered":"https:\/\/armstrongyregion.com.ar\/diario\/?p=21991"},"modified":"2019-06-17T21:24:47","modified_gmt":"2019-06-17T21:24:47","slug":"la-ciudad-que-gesto-a-su-hijo-hace-25-anos-tambien-se-prepara-para-agroactiva","status":"publish","type":"post","link":"https:\/\/armstrongyregion.com.ar\/diario\/la-ciudad-que-gesto-a-su-hijo-hace-25-anos-tambien-se-prepara-para-agroactiva\/","title":{"rendered":"La ciudad que gesto a su hijo hace 25 a\u00f1os tambien se prepara para AgroActiva."},"content":{"rendered":"<p class=\"headline-new\"><a href=\"http:\/\/armstrongyregion.com.ar\/diario\/wp-content\/uploads\/2019\/06\/CENTRO-ARMSTRONG.jpg\"><img loading=\"lazy\" decoding=\"async\" class=\"alignnone size-full wp-image-21992\" src=\"http:\/\/armstrongyregion.com.ar\/diario\/wp-content\/uploads\/2019\/06\/CENTRO-ARMSTRONG.jpg\" alt=\"CENTRO-ARMSTRONG\" width=\"768\" height=\"576\" srcset=\"https:\/\/armstrongyregion.com.ar\/diario\/wp-content\/uploads\/2019\/06\/CENTRO-ARMSTRONG.jpg 768w, https:\/\/armstrongyregion.com.ar\/diario\/wp-content\/uploads\/2019\/06\/CENTRO-ARMSTRONG-300x225.jpg 300w\" sizes=\"auto, (max-width: 768px) 100vw, 768px\" \/><\/a>\u201cEl Centro Comercial, Industrial y Rural de Armstrong fue uno de los fundadores de la muestra y desde sus inicios trabajamos en conjunto\u201d, expres\u00f3 su presidenta, Marcela Silvi.<\/p>\n<div class=\"entry\">\n<p>La ciudad de Armstrong, nuevamente anfitriona este a\u00f1o y \u201ccuna\u201d de AgroActiva, la exposici\u00f3n que gan\u00f3 el coraz\u00f3n del productor agropecuario, cuenta actualmente con unas 70 industrias metalmec\u00e1nicas, que en forma directa emplean a unas 1.300 personas. Pero tambi\u00e9n existen en su entorno plantas de acopio de cereales donde trabajan unas 300 personas en forma directa e indirecta y muchos comercios de bienes y servicios.<\/p>\n<p>La comunidad ya est\u00e1 acostumbrada a recibir a la muestra y sabe de qu\u00e9 se trata, porque la sienten como propia y conoce muy bien a sus organizadores, muchos de los cuales vienen trabajando desde el primer d\u00eda. Por eso la alegr\u00eda de que la muestra se vuelva a realizar en la zona se pone de manifiesto, y m\u00e1s aun trat\u00e1ndose de su 25\u00ba aniversario, ya que siempre se llev\u00f3 en el coraz\u00f3n de los armstronenses, al ser sus mentores cuando naci\u00f3 en la plaza como una incipiente exposici\u00f3n local y sobre la que se apost\u00f3 mucho.<\/p>\n<p>Sin dudas AgroActiva es como un hijo de Armstrong, y el cumplimiento de un sue\u00f1o que naci\u00f3 en la ciudad hace 25 a\u00f1os, aunque l\u00f3gicamente tambi\u00e9n es un encuentro muy positivo para toda la regi\u00f3n, porque al realizarse en el n\u00facleo donde se encuentra la mayor cantidad de fabricantes de maquinarias, es una gran ventaja de log\u00edstica y organizaci\u00f3n para cada empresa participante, y ese entusiasmo siempre se vio reflejado en cada edici\u00f3n de la muestra.<\/p>\n<p><strong>Trabajo en conjunto<\/strong><\/p>\n<p>\u201cEs un gran orgullo que la organizaci\u00f3n de AgroActiva haya elegido realizar nuevamente en nuestra ciudad una muestra tan importante para el sector en particular y para nuestra comunidad en general, ya que tiene un efecto muy positivo en cuanto a alquileres, hoteler\u00eda, gastronom\u00eda, ferreter\u00edas y comercios en general\u201d, expres\u00f3\u00a0<strong>Marcela Silvi<\/strong>, presidenta del Centro Comercial, Industrial y Rural de Armstrong. \u201cDesde nuestra instituci\u00f3n, se est\u00e1 trabajando en la realizaci\u00f3n de una gu\u00eda para el visitante, donde pueda obtener informaci\u00f3n y asesorarse sobre todas las necesidades que le puedan surgir\u201d, destac\u00f3.<\/p>\n<p>Asimismo, Silvi record\u00f3 que \u201cel Centro Comercial, Industrial y Rural de Armstrong fue uno de los fundadores de la muestra y desde sus inicios trabajamos en conjunto\u201d.<\/p>\n<ul>\n<li><strong>\u00bfC\u00f3mo observa la situaci\u00f3n industrial y de empleo actual en la localidad?<\/strong><\/li>\n<li>Si bien estamos en un contexto macroecon\u00f3mico dif\u00edcil, podemos decir que la situaci\u00f3n de la mayor\u00eda de las empresas es sustancialmente mejor al promedio nacional. El sector fabricante de maquinaria agr\u00edcola, motor de la econom\u00eda de nuestra ciudad, est\u00e1 recuperando el nivel de actividad, en gran medida debido a la muy buena cosecha que se registr\u00f3 este a\u00f1o.<\/li>\n<\/ul>\n<p>En cuanto a empleo, si bien se pasaron momentos dif\u00edciles en muchas empresas, nuestra ciudad se caracteriza por una fuerte responsabilidad social empresaria y agotamos todos los esfuerzos para poder mantener el personal ocupado.<\/p>\n<ul>\n<li><strong>\u00bfFue importante para las empresas locales la participaci\u00f3n que tuvieron en AgroActiva a trav\u00e9s de sus 25 a\u00f1os de historia?<\/strong><\/li>\n<li>S\u00ed, todos los a\u00f1os las empresas participantes concretaron ventas o generaron nuevos negocios. Tambi\u00e9n es muy importante para el posicionamiento y difusi\u00f3n de cada una de ellas.<\/li>\n<li>\u00bf<strong>De qu\u00e9 manera participar\u00e1 el Centro?<\/strong><\/li>\n<li>Estaremos en la muestra con un stand institucional donde difundiremos los servicios que presta nuestra entidad. Tambi\u00e9n estaremos asesorando y brindando informaci\u00f3n a nuestros asociados y visitantes, capacitando a nuestros comercios y prestadores de servicios acerca de las necesidades.<\/li>\n<\/ul>\n<p>\u2013\u00a0<strong>\u00bfCu\u00e1les son sus desaf\u00edos en esta nueva gesti\u00f3n como presidenta?<\/strong><\/p>\n<p>\u2013 Seguir posicionando a nuestra ciudad como polo productivo nacional. Recordemos que Armstrong es la ciudad con mayor cantidad de f\u00e1bricas de maquinaria agr\u00edcola del mundo. Realmente es una particularidad que nos desaf\u00eda a seguir mejorando y manteniendo ese sello distintivo, brindar informaci\u00f3n y asesoramiento de calidad a nuestros asociados y trabajar en las necesidades para el desarrollo productivo de nuestra ciudad, principalmente en lo que se refiere a infraestructura.<\/p>\n<p>Tambi\u00e9n trabajar muy fuertemente en capacitaci\u00f3n, teniendo en cuenta los desaf\u00edos del mundo laboral actual.<\/p>\n<\/div>\n","protected":false},"excerpt":{"rendered":"<p>\u201cEl Centro Comercial, Industrial y Rural de Armstrong fue uno de los fundadores de la muestra y desde sus inicios trabajamos en conjunto\u201d, expres\u00f3 su presidenta, Marcela Silvi. La ciudad de Armstrong, nuevamente anfitriona este a\u00f1o y \u201ccuna\u201d de AgroActiva, la exposici\u00f3n que gan\u00f3 el coraz\u00f3n del productor agropecuario, cuenta actualmente con unas 70 industrias <a href=\"https:\/\/armstrongyregion.com.ar\/diario\/la-ciudad-que-gesto-a-su-hijo-hace-25-anos-tambien-se-prepara-para-agroactiva\/\" title=\"Read more\" >&#8230;<\/a><\/p>\n","protected":false},"author":1,"featured_media":21992,"comment_status":"open","ping_status":"open","sticky":false,"template":"","format":"standard","meta":{"_jetpack_memberships_contains_paid_content":false,"footnotes":"","jetpack_publicize_message":"","jetpack_publicize_feature_enabled":true,"jetpack_social_post_already_shared":false,"jetpack_social_options":{"image_generator_settings":{"template":"highway","default_image_id":0,"enabled":false},"version":2}},"categories":[8,1,2,7,3],"tags":[8026],"class_list":["post-21991","post","type-post","status-publish","format-standard","has-post-thumbnail","hentry","category-deliberando","category-diario-armstrong","category-locales","category-politica","category-region","tag-la-ciudad-que-gesto-a-su-hijo-hace-25-anos-tambien-se-prepara-para-agroactiva"],"jetpack_publicize_connections":[],"jetpack_featured_media_url":"https:\/\/armstrongyregion.com.ar\/diario\/wp-content\/uploads\/2019\/06\/CENTRO-ARMSTRONG.jpg","jetpack_shortlink":"https:\/\/wp.me\/p62QDO-5IH","jetpack_sharing_enabled":true,"amp_enabled":true,"_links":{"self":[{"href":"https:\/\/armstrongyregion.com.ar\/diario\/wp-json\/wp\/v2\/posts\/21991","targetHints":{"allow":["GET"]}}],"collection":[{"href":"https:\/\/armstrongyregion.com.ar\/diario\/wp-json\/wp\/v2\/posts"}],"about":[{"href":"https:\/\/armstrongyregion.com.ar\/diario\/wp-json\/wp\/v2\/types\/post"}],"author":[{"embeddable":true,"href":"https:\/\/armstrongyregion.com.ar\/diario\/wp-json\/wp\/v2\/users\/1"}],"replies":[{"embeddable":true,"href":"https:\/\/armstrongyregion.com.ar\/diario\/wp-json\/wp\/v2\/comments?post=21991"}],"version-history":[{"count":0,"href":"https:\/\/armstrongyregion.com.ar\/diario\/wp-json\/wp\/v2\/posts\/21991\/revisions"}],"wp:featuredmedia":[{"embeddable":true,"href":"https:\/\/armstrongyregion.com.ar\/diario\/wp-json\/wp\/v2\/media\/21992"}],"wp:attachment":[{"href":"https:\/\/armstrongyregion.com.ar\/diario\/wp-json\/wp\/v2\/media?parent=21991"}],"wp:term":[{"taxonomy":"category","embeddable":true,"href":"https:\/\/armstrongyregion.com.ar\/diario\/wp-json\/wp\/v2\/categories?post=21991"},{"taxonomy":"post_tag","embeddable":true,"href":"https:\/\/armstrongyregion.com.ar\/diario\/wp-json\/wp\/v2\/tags?post=21991"}],"curies":[{"name":"wp","href":"https:\/\/api.w.org\/{rel}","templated":true}]}}