{"id":21985,"date":"2019-06-17T02:18:27","date_gmt":"2019-06-17T02:18:27","guid":{"rendered":"https:\/\/armstrongyregion.com.ar\/diario\/?p=21985"},"modified":"2019-06-17T02:18:27","modified_gmt":"2019-06-17T02:18:27","slug":"elecciones-generales-en-armstrong-resultados-totales-provisorios","status":"publish","type":"post","link":"https:\/\/armstrongyregion.com.ar\/diario\/elecciones-generales-en-armstrong-resultados-totales-provisorios\/","title":{"rendered":"Elecciones generales en Armstrong. Resultados totales  provisorios."},"content":{"rendered":"<p><a href=\"http:\/\/armstrongyregion.com.ar\/diario\/wp-content\/uploads\/2019\/06\/generales-concejales.jpg\"><img loading=\"lazy\" decoding=\"async\" class=\"alignnone size-full wp-image-21986\" src=\"http:\/\/armstrongyregion.com.ar\/diario\/wp-content\/uploads\/2019\/06\/generales-concejales.jpg\" alt=\"generales-concejales\" width=\"768\" height=\"432\" srcset=\"https:\/\/armstrongyregion.com.ar\/diario\/wp-content\/uploads\/2019\/06\/generales-concejales.jpg 768w, https:\/\/armstrongyregion.com.ar\/diario\/wp-content\/uploads\/2019\/06\/generales-concejales-300x169.jpg 300w\" sizes=\"auto, (max-width: 768px) 100vw, 768px\" \/><\/a>Los armstronenses elegieron este domingo a 3 concejales que renovaron parte de las 6 bancas entre tres listas que quedaron en pie luego de las Paso.<\/p>\n<p>El Dr. Augusto Fischer \u00a0quien encabeza la n\u00f3mina del Frente Juntos, se impuso con 2.642 votos.<\/p>\n<p>Alejandro Pertusati \u00a0quien lidera la lista del oficialismo Frente Progresista C\u00edvico y Social recaudo 2277 votos.<\/p>\n<p>Emiliano Gramigna \u00a0del espacio vecinal Renovaci\u00f3n por Armstrong reuni\u00f3 2086.<\/p>\n<p><a href=\"http:\/\/armstrongyregion.com.ar\/diario\/wp-content\/uploads\/2019\/06\/64237538_10162110605870105_6899506468693737472_n.jpg\"><img loading=\"lazy\" decoding=\"async\" class=\"alignnone size-full wp-image-21987\" src=\"http:\/\/armstrongyregion.com.ar\/diario\/wp-content\/uploads\/2019\/06\/64237538_10162110605870105_6899506468693737472_n.jpg\" alt=\"64237538_10162110605870105_6899506468693737472_n\" width=\"768\" height=\"432\" srcset=\"https:\/\/armstrongyregion.com.ar\/diario\/wp-content\/uploads\/2019\/06\/64237538_10162110605870105_6899506468693737472_n.jpg 768w, https:\/\/armstrongyregion.com.ar\/diario\/wp-content\/uploads\/2019\/06\/64237538_10162110605870105_6899506468693737472_n-300x169.jpg 300w\" sizes=\"auto, (max-width: 768px) 100vw, 768px\" \/><\/a>En cuanto al departamento Belgrano arraso en la senadur\u00eda el actual legislador Guillermo Cornaglia (Frente Juntos) con 4.168 votos. El Diputado Miguel Sol\u00eds (Frente Progresista C\u00edvico y Social) \u00a0logro reunir 1715 votos y Roberto Leoncini del espacio Cambiemos recaudo 944 votos.<\/p>\n<p>&nbsp;<\/p>\n<p>Categor\u00eda Diputados:<\/p>\n<p><a href=\"http:\/\/armstrongyregion.com.ar\/diario\/wp-content\/uploads\/2019\/06\/diputados-generales.jpg\"><img loading=\"lazy\" decoding=\"async\" class=\"alignnone size-full wp-image-21988\" src=\"http:\/\/armstrongyregion.com.ar\/diario\/wp-content\/uploads\/2019\/06\/diputados-generales.jpg\" alt=\"diputados-generales\" width=\"768\" height=\"432\" srcset=\"https:\/\/armstrongyregion.com.ar\/diario\/wp-content\/uploads\/2019\/06\/diputados-generales.jpg 768w, https:\/\/armstrongyregion.com.ar\/diario\/wp-content\/uploads\/2019\/06\/diputados-generales-300x169.jpg 300w\" sizes=\"auto, (max-width: 768px) 100vw, 768px\" \/><\/a><\/p>\n<p>&nbsp;<\/p>\n<p>Categor\u00eda Gobernador.<\/p>\n<p><a href=\"http:\/\/armstrongyregion.com.ar\/diario\/wp-content\/uploads\/2019\/06\/gobernador-en-armstrong-generales.jpg\"><img loading=\"lazy\" decoding=\"async\" class=\"alignnone size-full wp-image-21989\" src=\"http:\/\/armstrongyregion.com.ar\/diario\/wp-content\/uploads\/2019\/06\/gobernador-en-armstrong-generales.jpg\" alt=\"gobernador en armstrong-generales\" width=\"768\" height=\"432\" srcset=\"https:\/\/armstrongyregion.com.ar\/diario\/wp-content\/uploads\/2019\/06\/gobernador-en-armstrong-generales.jpg 768w, https:\/\/armstrongyregion.com.ar\/diario\/wp-content\/uploads\/2019\/06\/gobernador-en-armstrong-generales-300x169.jpg 300w\" sizes=\"auto, (max-width: 768px) 100vw, 768px\" \/><\/a><\/p>\n<p>&nbsp;<\/p>\n<p>Trabajo en equipo con Cable Imagen Armstrong.<\/p>\n","protected":false},"excerpt":{"rendered":"<p>Los armstronenses elegieron este domingo a 3 concejales que renovaron parte de las 6 bancas entre tres listas que quedaron en pie luego de las Paso. El Dr. Augusto Fischer \u00a0quien encabeza la n\u00f3mina del Frente Juntos, se impuso con 2.642 votos. Alejandro Pertusati \u00a0quien lidera la lista del oficialismo Frente Progresista C\u00edvico y Social <a href=\"https:\/\/armstrongyregion.com.ar\/diario\/elecciones-generales-en-armstrong-resultados-totales-provisorios\/\" title=\"Read more\" >&#8230;<\/a><\/p>\n","protected":false},"author":1,"featured_media":21986,"comment_status":"open","ping_status":"open","sticky":false,"template":"","format":"standard","meta":{"_jetpack_memberships_contains_paid_content":false,"footnotes":"","jetpack_publicize_message":"","jetpack_publicize_feature_enabled":true,"jetpack_social_post_already_shared":false,"jetpack_social_options":{"image_generator_settings":{"template":"highway","default_image_id":0,"enabled":false},"version":2}},"categories":[8,1,2],"tags":[8025],"class_list":["post-21985","post","type-post","status-publish","format-standard","has-post-thumbnail","hentry","category-deliberando","category-diario-armstrong","category-locales","tag-elecciones-generales-en-armstrong-resultados-totales-provisorios"],"jetpack_publicize_connections":[],"jetpack_featured_media_url":"https:\/\/armstrongyregion.com.ar\/diario\/wp-content\/uploads\/2019\/06\/generales-concejales.jpg","jetpack_shortlink":"https:\/\/wp.me\/p62QDO-5IB","jetpack_sharing_enabled":true,"amp_enabled":true,"_links":{"self":[{"href":"https:\/\/armstrongyregion.com.ar\/diario\/wp-json\/wp\/v2\/posts\/21985","targetHints":{"allow":["GET"]}}],"collection":[{"href":"https:\/\/armstrongyregion.com.ar\/diario\/wp-json\/wp\/v2\/posts"}],"about":[{"href":"https:\/\/armstrongyregion.com.ar\/diario\/wp-json\/wp\/v2\/types\/post"}],"author":[{"embeddable":true,"href":"https:\/\/armstrongyregion.com.ar\/diario\/wp-json\/wp\/v2\/users\/1"}],"replies":[{"embeddable":true,"href":"https:\/\/armstrongyregion.com.ar\/diario\/wp-json\/wp\/v2\/comments?post=21985"}],"version-history":[{"count":0,"href":"https:\/\/armstrongyregion.com.ar\/diario\/wp-json\/wp\/v2\/posts\/21985\/revisions"}],"wp:featuredmedia":[{"embeddable":true,"href":"https:\/\/armstrongyregion.com.ar\/diario\/wp-json\/wp\/v2\/media\/21986"}],"wp:attachment":[{"href":"https:\/\/armstrongyregion.com.ar\/diario\/wp-json\/wp\/v2\/media?parent=21985"}],"wp:term":[{"taxonomy":"category","embeddable":true,"href":"https:\/\/armstrongyregion.com.ar\/diario\/wp-json\/wp\/v2\/categories?post=21985"},{"taxonomy":"post_tag","embeddable":true,"href":"https:\/\/armstrongyregion.com.ar\/diario\/wp-json\/wp\/v2\/tags?post=21985"}],"curies":[{"name":"wp","href":"https:\/\/api.w.org\/{rel}","templated":true}]}}