{"id":21972,"date":"2019-06-16T01:37:43","date_gmt":"2019-06-16T01:37:43","guid":{"rendered":"https:\/\/armstrongyregion.com.ar\/diario\/?p=21972"},"modified":"2019-06-16T01:41:06","modified_gmt":"2019-06-16T01:41:06","slug":"el-domingo-armstrong-elige-tres-concejales","status":"publish","type":"post","link":"https:\/\/armstrongyregion.com.ar\/diario\/el-domingo-armstrong-elige-tres-concejales\/","title":{"rendered":"El domingo Armstrong elige  tres concejales."},"content":{"rendered":"<p><a href=\"http:\/\/armstrongyregion.com.ar\/diario\/wp-content\/uploads\/2019\/06\/concejales-domingo.jpg\"><img loading=\"lazy\" decoding=\"async\" class=\"alignnone size-full wp-image-21974\" src=\"http:\/\/armstrongyregion.com.ar\/diario\/wp-content\/uploads\/2019\/06\/concejales-domingo.jpg\" alt=\"concejales-domingo\" width=\"600\" height=\"606\" srcset=\"https:\/\/armstrongyregion.com.ar\/diario\/wp-content\/uploads\/2019\/06\/concejales-domingo.jpg 600w, https:\/\/armstrongyregion.com.ar\/diario\/wp-content\/uploads\/2019\/06\/concejales-domingo-297x300.jpg 297w, https:\/\/armstrongyregion.com.ar\/diario\/wp-content\/uploads\/2019\/06\/concejales-domingo-144x144.jpg 144w\" sizes=\"auto, (max-width: 600px) 100vw, 600px\" \/><\/a>Augusto Fischer, Emiliano Gramigna y Alejandro Pertusati encabezan las listas.<\/p>\n<p>Los armstronenses elegir\u00e1n este domingo a 3 concejales que renovar\u00e1n parte de las 6 bancas entre tres listas que quedaron en pie luego de las Paso.<\/p>\n<p>El Dr. Augusto Fischer encabeza la n\u00f3mina del Frente Juntos, Emiliano Gramigna la del espacio vecinal Renovaci\u00f3n por Armstrong, y Alejandro Pertusati lidera la lista del oficialismo Frente Progresista C\u00edvico y Social.<\/p>\n<p>&nbsp;<\/p>\n","protected":false},"excerpt":{"rendered":"<p>Augusto Fischer, Emiliano Gramigna y Alejandro Pertusati encabezan las listas. Los armstronenses elegir\u00e1n este domingo a 3 concejales que renovar\u00e1n parte de las 6 bancas entre tres listas que quedaron en pie luego de las Paso. El Dr. Augusto Fischer encabeza la n\u00f3mina del Frente Juntos, Emiliano Gramigna la del espacio vecinal Renovaci\u00f3n por Armstrong, <a href=\"https:\/\/armstrongyregion.com.ar\/diario\/el-domingo-armstrong-elige-tres-concejales\/\" title=\"Read more\" >&#8230;<\/a><\/p>\n","protected":false},"author":1,"featured_media":21974,"comment_status":"open","ping_status":"open","sticky":false,"template":"","format":"standard","meta":{"_jetpack_memberships_contains_paid_content":false,"footnotes":"","jetpack_publicize_message":"","jetpack_publicize_feature_enabled":true,"jetpack_social_post_already_shared":false,"jetpack_social_options":{"image_generator_settings":{"template":"highway","default_image_id":0,"enabled":false},"version":2}},"categories":[8,1,2,7,3],"tags":[8022],"class_list":["post-21972","post","type-post","status-publish","format-standard","has-post-thumbnail","hentry","category-deliberando","category-diario-armstrong","category-locales","category-politica","category-region","tag-el-domingo-armstrong-elige-tres-concejales"],"jetpack_publicize_connections":[],"jetpack_featured_media_url":"https:\/\/armstrongyregion.com.ar\/diario\/wp-content\/uploads\/2019\/06\/concejales-domingo.jpg","jetpack_shortlink":"https:\/\/wp.me\/p62QDO-5Io","jetpack_sharing_enabled":true,"amp_enabled":true,"_links":{"self":[{"href":"https:\/\/armstrongyregion.com.ar\/diario\/wp-json\/wp\/v2\/posts\/21972","targetHints":{"allow":["GET"]}}],"collection":[{"href":"https:\/\/armstrongyregion.com.ar\/diario\/wp-json\/wp\/v2\/posts"}],"about":[{"href":"https:\/\/armstrongyregion.com.ar\/diario\/wp-json\/wp\/v2\/types\/post"}],"author":[{"embeddable":true,"href":"https:\/\/armstrongyregion.com.ar\/diario\/wp-json\/wp\/v2\/users\/1"}],"replies":[{"embeddable":true,"href":"https:\/\/armstrongyregion.com.ar\/diario\/wp-json\/wp\/v2\/comments?post=21972"}],"version-history":[{"count":0,"href":"https:\/\/armstrongyregion.com.ar\/diario\/wp-json\/wp\/v2\/posts\/21972\/revisions"}],"wp:featuredmedia":[{"embeddable":true,"href":"https:\/\/armstrongyregion.com.ar\/diario\/wp-json\/wp\/v2\/media\/21974"}],"wp:attachment":[{"href":"https:\/\/armstrongyregion.com.ar\/diario\/wp-json\/wp\/v2\/media?parent=21972"}],"wp:term":[{"taxonomy":"category","embeddable":true,"href":"https:\/\/armstrongyregion.com.ar\/diario\/wp-json\/wp\/v2\/categories?post=21972"},{"taxonomy":"post_tag","embeddable":true,"href":"https:\/\/armstrongyregion.com.ar\/diario\/wp-json\/wp\/v2\/tags?post=21972"}],"curies":[{"name":"wp","href":"https:\/\/api.w.org\/{rel}","templated":true}]}}