{"id":2194,"date":"2015-05-16T04:25:18","date_gmt":"2015-05-16T04:25:18","guid":{"rendered":"https:\/\/armstrongyregion.com.ar\/diario\/?p=2194"},"modified":"2015-05-16T04:25:18","modified_gmt":"2015-05-16T04:25:18","slug":"domingo-17-de-mayo-feria-mensual","status":"publish","type":"post","link":"https:\/\/armstrongyregion.com.ar\/diario\/domingo-17-de-mayo-feria-mensual\/","title":{"rendered":"Domingo 17 de mayo feria mensual."},"content":{"rendered":"<p><a href=\"http:\/\/armstrongyregion.com.ar\/diario\/wp-content\/uploads\/2015\/05\/colores-y-sabores-mayo-2015.jpg\"><img loading=\"lazy\" decoding=\"async\" src=\"http:\/\/armstrongyregion.com.ar\/diario\/wp-content\/uploads\/2015\/05\/colores-y-sabores-mayo-2015-300x204.jpg\" alt=\"colores y sabores mayo 2015\" width=\"300\" height=\"204\" class=\"alignnone size-medium wp-image-2195\" srcset=\"https:\/\/armstrongyregion.com.ar\/diario\/wp-content\/uploads\/2015\/05\/colores-y-sabores-mayo-2015-300x204.jpg 300w, https:\/\/armstrongyregion.com.ar\/diario\/wp-content\/uploads\/2015\/05\/colores-y-sabores-mayo-2015-1024x699.jpg 1024w\" sizes=\"auto, (max-width: 300px) 100vw, 300px\" \/><\/a>La Municipalidad de Armstrong invita a toda la comunidad a participar de la feria mensual llevada a cabo por los integrantes del grupo Sabores y Colores Locales, el domingo 17 de mayo a  partir de las 14 hs. en el predio municipal Bracito Fuerte.<\/p>\n<p>All\u00ed el p\u00fablico podr\u00e1 recorrer los stands de todos los microemprendedores de nuestra ciudad apreciando sus producciones alentando al consumo local, adem\u00e1s, habr\u00e1 sorteos.<\/p>\n<p>Asimismo, se suman a la propuesta los integrantes de la Biblioteca Popular Sarmiento quienes ofrecer\u00e1n la lectura de cuentos para los m\u00e1s peque\u00f1os.<\/p>\n<p>No se suspende por lluvia. En ese caso, la feria se trasladar\u00e1 a la Estaci\u00f3n M\u00e1s, con entrada libre y gratuita.<\/p>\n","protected":false},"excerpt":{"rendered":"<p>La Municipalidad de Armstrong invita a toda la comunidad a participar de la feria mensual llevada a cabo por los integrantes del grupo Sabores y Colores Locales, el domingo 17 de mayo a partir de las 14 hs. en el predio municipal Bracito Fuerte. All\u00ed el p\u00fablico podr\u00e1 recorrer los stands de todos los microemprendedores <a href=\"https:\/\/armstrongyregion.com.ar\/diario\/domingo-17-de-mayo-feria-mensual\/\" title=\"Read more\" >&#8230;<\/a><\/p>\n","protected":false},"author":2,"featured_media":2195,"comment_status":"open","ping_status":"open","sticky":false,"template":"","format":"standard","meta":{"_jetpack_memberships_contains_paid_content":false,"footnotes":"","jetpack_publicize_message":"","jetpack_publicize_feature_enabled":true,"jetpack_social_post_already_shared":false,"jetpack_social_options":{"image_generator_settings":{"template":"highway","default_image_id":0,"enabled":false},"version":2}},"categories":[1,2],"tags":[1194,19,1467,1725,1449,1726],"class_list":["post-2194","post","type-post","status-publish","format-standard","has-post-thumbnail","hentry","category-diario-armstrong","category-locales","tag-1194","tag-de","tag-domingo","tag-feria","tag-mayo","tag-mensual"],"jetpack_publicize_connections":[],"jetpack_featured_media_url":"https:\/\/armstrongyregion.com.ar\/diario\/wp-content\/uploads\/2015\/05\/colores-y-sabores-mayo-2015.jpg","jetpack_shortlink":"https:\/\/wp.me\/p62QDO-zo","jetpack_sharing_enabled":true,"amp_enabled":true,"_links":{"self":[{"href":"https:\/\/armstrongyregion.com.ar\/diario\/wp-json\/wp\/v2\/posts\/2194","targetHints":{"allow":["GET"]}}],"collection":[{"href":"https:\/\/armstrongyregion.com.ar\/diario\/wp-json\/wp\/v2\/posts"}],"about":[{"href":"https:\/\/armstrongyregion.com.ar\/diario\/wp-json\/wp\/v2\/types\/post"}],"author":[{"embeddable":true,"href":"https:\/\/armstrongyregion.com.ar\/diario\/wp-json\/wp\/v2\/users\/2"}],"replies":[{"embeddable":true,"href":"https:\/\/armstrongyregion.com.ar\/diario\/wp-json\/wp\/v2\/comments?post=2194"}],"version-history":[{"count":0,"href":"https:\/\/armstrongyregion.com.ar\/diario\/wp-json\/wp\/v2\/posts\/2194\/revisions"}],"wp:featuredmedia":[{"embeddable":true,"href":"https:\/\/armstrongyregion.com.ar\/diario\/wp-json\/wp\/v2\/media\/2195"}],"wp:attachment":[{"href":"https:\/\/armstrongyregion.com.ar\/diario\/wp-json\/wp\/v2\/media?parent=2194"}],"wp:term":[{"taxonomy":"category","embeddable":true,"href":"https:\/\/armstrongyregion.com.ar\/diario\/wp-json\/wp\/v2\/categories?post=2194"},{"taxonomy":"post_tag","embeddable":true,"href":"https:\/\/armstrongyregion.com.ar\/diario\/wp-json\/wp\/v2\/tags?post=2194"}],"curies":[{"name":"wp","href":"https:\/\/api.w.org\/{rel}","templated":true}]}}