{"id":21917,"date":"2019-06-12T13:12:18","date_gmt":"2019-06-12T13:12:18","guid":{"rendered":"https:\/\/armstrongyregion.com.ar\/diario\/?p=21917"},"modified":"2019-06-12T13:12:18","modified_gmt":"2019-06-12T13:12:18","slug":"armstrong-acto-del-20-de-junio-de-2019","status":"publish","type":"post","link":"https:\/\/armstrongyregion.com.ar\/diario\/armstrong-acto-del-20-de-junio-de-2019\/","title":{"rendered":"Armstrong. Acto del 20 de junio de 2019."},"content":{"rendered":"<p><a href=\"http:\/\/armstrongyregion.com.ar\/diario\/wp-content\/uploads\/2019\/06\/20_de_junio_2019.jpg\"><img loading=\"lazy\" decoding=\"async\" class=\"alignnone size-full wp-image-21918\" src=\"http:\/\/armstrongyregion.com.ar\/diario\/wp-content\/uploads\/2019\/06\/20_de_junio_2019.jpg\" alt=\"20_de_junio_2019\" width=\"768\" height=\"538\" srcset=\"https:\/\/armstrongyregion.com.ar\/diario\/wp-content\/uploads\/2019\/06\/20_de_junio_2019.jpg 768w, https:\/\/armstrongyregion.com.ar\/diario\/wp-content\/uploads\/2019\/06\/20_de_junio_2019-300x210.jpg 300w\" sizes=\"auto, (max-width: 768px) 100vw, 768px\" \/><\/a>La Municipalidad de Armstrong invita a toda la ciudadan\u00eda a los festejos por el D\u00eda de la Bandera que se realizar\u00e1n el d\u00eda jueves 20 de junio desde las 14 hs. con la participaci\u00f3n de las Escuelas N\u00b0 51 \u201cDr. Manuel Belgrano\u201d y N\u00b0 600 \u201cGeneral Manuel Belgrano\u201d.<\/p>\n<p>La actividad comenzar\u00e1 a las 14 hs. con concentraci\u00f3n frente al Monumento al pr\u00f3cer ubicado en la esquina de Bv. 14 de Diciembre y Belgrano. Desde all\u00ed y con la participaci\u00f3n de todos los armstronenses, habr\u00e1 un desfile por calles Bv. 14 de Diciembre, Crucianelli, San Mart\u00edn, Tom\u00e1s Dean hasta llegar a plaza San Mart\u00edn donde se realizar\u00e1 el acto oficial a las 14:30 hs.<\/p>\n<p>Los alumnos de 4\u00b0 grado de todas las escuelas de la ciudad realizar\u00e1n su Promesa a la Bandera. Se podr\u00e1 disfrutar de n\u00fameros art\u00edsticos de las Escuelas N\u00b0 600 y N\u00b0 51, actuar\u00e1n el grupo de danzas folcl\u00f3ricas \u201cFrancisco Maldonado\u201d y la Banda Infanto Juvenil del Conservatorio de M\u00fasica Municipal \u201cEnzo Vacchino\u201d.<\/p>\n","protected":false},"excerpt":{"rendered":"<p>La Municipalidad de Armstrong invita a toda la ciudadan\u00eda a los festejos por el D\u00eda de la Bandera que se realizar\u00e1n el d\u00eda jueves 20 de junio desde las 14 hs. con la participaci\u00f3n de las Escuelas N\u00b0 51 \u201cDr. Manuel Belgrano\u201d y N\u00b0 600 \u201cGeneral Manuel Belgrano\u201d. La actividad comenzar\u00e1 a las 14 hs. <a href=\"https:\/\/armstrongyregion.com.ar\/diario\/armstrong-acto-del-20-de-junio-de-2019\/\" title=\"Read more\" >&#8230;<\/a><\/p>\n","protected":false},"author":1,"featured_media":21918,"comment_status":"open","ping_status":"open","sticky":false,"template":"","format":"standard","meta":{"_jetpack_memberships_contains_paid_content":false,"footnotes":"","jetpack_publicize_message":"","jetpack_publicize_feature_enabled":true,"jetpack_social_post_already_shared":false,"jetpack_social_options":{"image_generator_settings":{"template":"highway","default_image_id":0,"enabled":false},"version":2}},"categories":[6,8,1,2],"tags":[8006],"class_list":["post-21917","post","type-post","status-publish","format-standard","has-post-thumbnail","hentry","category-cultura-entretenimiento","category-deliberando","category-diario-armstrong","category-locales","tag-acto-del-20-de-junio-de-2019"],"jetpack_publicize_connections":[],"jetpack_featured_media_url":"https:\/\/armstrongyregion.com.ar\/diario\/wp-content\/uploads\/2019\/06\/20_de_junio_2019.jpg","jetpack_shortlink":"https:\/\/wp.me\/p62QDO-5Hv","jetpack_sharing_enabled":true,"amp_enabled":true,"_links":{"self":[{"href":"https:\/\/armstrongyregion.com.ar\/diario\/wp-json\/wp\/v2\/posts\/21917","targetHints":{"allow":["GET"]}}],"collection":[{"href":"https:\/\/armstrongyregion.com.ar\/diario\/wp-json\/wp\/v2\/posts"}],"about":[{"href":"https:\/\/armstrongyregion.com.ar\/diario\/wp-json\/wp\/v2\/types\/post"}],"author":[{"embeddable":true,"href":"https:\/\/armstrongyregion.com.ar\/diario\/wp-json\/wp\/v2\/users\/1"}],"replies":[{"embeddable":true,"href":"https:\/\/armstrongyregion.com.ar\/diario\/wp-json\/wp\/v2\/comments?post=21917"}],"version-history":[{"count":0,"href":"https:\/\/armstrongyregion.com.ar\/diario\/wp-json\/wp\/v2\/posts\/21917\/revisions"}],"wp:featuredmedia":[{"embeddable":true,"href":"https:\/\/armstrongyregion.com.ar\/diario\/wp-json\/wp\/v2\/media\/21918"}],"wp:attachment":[{"href":"https:\/\/armstrongyregion.com.ar\/diario\/wp-json\/wp\/v2\/media?parent=21917"}],"wp:term":[{"taxonomy":"category","embeddable":true,"href":"https:\/\/armstrongyregion.com.ar\/diario\/wp-json\/wp\/v2\/categories?post=21917"},{"taxonomy":"post_tag","embeddable":true,"href":"https:\/\/armstrongyregion.com.ar\/diario\/wp-json\/wp\/v2\/tags?post=21917"}],"curies":[{"name":"wp","href":"https:\/\/api.w.org\/{rel}","templated":true}]}}