{"id":21888,"date":"2019-06-10T13:09:27","date_gmt":"2019-06-10T13:09:27","guid":{"rendered":"https:\/\/armstrongyregion.com.ar\/diario\/?p=21888"},"modified":"2019-06-10T13:09:27","modified_gmt":"2019-06-10T13:09:27","slug":"perotti-con-fiscales-el-domingo-vamos-a-cuidar-el-futuro-de-todos-los-santafesinos","status":"publish","type":"post","link":"https:\/\/armstrongyregion.com.ar\/diario\/perotti-con-fiscales-el-domingo-vamos-a-cuidar-el-futuro-de-todos-los-santafesinos\/","title":{"rendered":"Perotti con fiscales: \u00abEl domingo vamos a cuidar el futuro de todos los santafesinos\u00bb."},"content":{"rendered":"<div><a href=\"http:\/\/armstrongyregion.com.ar\/diario\/wp-content\/uploads\/2019\/06\/Perotti-fiscales.jpg\"><img loading=\"lazy\" decoding=\"async\" class=\"alignnone size-full wp-image-21889\" src=\"http:\/\/armstrongyregion.com.ar\/diario\/wp-content\/uploads\/2019\/06\/Perotti-fiscales.jpg\" alt=\"Perotti fiscales\" width=\"768\" height=\"557\" srcset=\"https:\/\/armstrongyregion.com.ar\/diario\/wp-content\/uploads\/2019\/06\/Perotti-fiscales.jpg 768w, https:\/\/armstrongyregion.com.ar\/diario\/wp-content\/uploads\/2019\/06\/Perotti-fiscales-300x218.jpg 300w\" sizes=\"auto, (max-width: 768px) 100vw, 768px\" \/><\/a>A menos de una semana de la votaci\u00f3n definitiva en la que la provincia elegir\u00e1 gobernador por los pr\u00f3ximos 4 a\u00f1os, Omar Perotti tuvo un encuentro con m\u00e1s de 2500 fiscales en la ciudad de Rosario. All\u00ed destac\u00f3 que \u201cel domingo no solo vamos a cuidar una elecci\u00f3n, no solo vamos a cuidar un voto. El domingo vamos a cuidar mucho m\u00e1s que eso, vamos a cuidar el futuro\u201d.<\/p>\n<p>\u201cSanta Fe sabe lo que quiere. Y eso que quiere es lo que nosotros vamos a defender el domingo. Desde bien temprano, desde antes de la apertura hasta el final. Ese d\u00eda es donde cada uno de ustedes asume la representaci\u00f3n de miles y miles de santafesinos que quieren algo diferente en esta provincia\u201d, agreg\u00f3.<\/p>\n<p>En una reuni\u00f3n multitudinaria que se realiz\u00f3 en el Club A. Libertad resalt\u00f3: \u201cEs un d\u00eda que ponemos por todos nuestros seres queridos que nos alcanzaron y nos hicieron llegar a este momento. Es un d\u00eda que ponemos por el futuro de Santa Fe\u201d. \u201cEl 16 de junio empezamos a vivir de otra manera. Empezamos a perder el miedo. El 16 empezamos a vivir mejor\u201d se\u00f1al\u00f3 \u00a0el rafaelino.<\/p>\n<p>Asimismo, el candidato a gobernador llam\u00f3 a seguir \u201chablando con todos, hayan votado lo que hayan votado, golpeando cada puerta\u201d, y pidi\u00f3 hablar \u201chasta el \u00faltimo minuto para convencerlos de que es posible una Santa Fe distinta. El futuro de Santa Fe no es lo que va a venir, no es lo que va a pasar, es lo que juntos seamos capaces de realizar.\u201d<\/p>\n<p>En ese sentido, Perotti remarc\u00f3: \u201cEl futuro no viene, al futuro hay que ir y al futuro vamos juntos. Por todos y cada uno de los santafesinos que quieren vivir en paz, por todos y cada una de las santafesinas que quieren una pol\u00edtica que les d\u00e9 oportunidades, que les d\u00e9 trabajo, en definitiva que ponga de pie a esta provincia\u201d.<\/p>\n<p>Por \u00faltimo, cerr\u00f3: \u201cEl domingo los santafesinos eligen si quieren el boleto educativo gratuito, si quieren trabajo para nuestros j\u00f3venes, si quieren m\u00e1s seguridad, si quieren recuperar la tranquilidad, si quieren que los abuelos vivan dignamente, si quieren que haya posibilidades de trabajo y m\u00e1s oportunidades para los santafesinos. El domingo eligen si sienten que esta provincia tiene tanto y les est\u00e1 tocando tan poco, si quieren progresar, si quieren producir, si quieren algo diferente\u201d.<\/p><\/div>\n<p>&nbsp;<\/p>\n","protected":false},"excerpt":{"rendered":"<p>A menos de una semana de la votaci\u00f3n definitiva en la que la provincia elegir\u00e1 gobernador por los pr\u00f3ximos 4 a\u00f1os, Omar Perotti tuvo un encuentro con m\u00e1s de 2500 fiscales en la ciudad de Rosario. All\u00ed destac\u00f3 que \u201cel domingo no solo vamos a cuidar una elecci\u00f3n, no solo vamos a cuidar un voto. <a href=\"https:\/\/armstrongyregion.com.ar\/diario\/perotti-con-fiscales-el-domingo-vamos-a-cuidar-el-futuro-de-todos-los-santafesinos\/\" title=\"Read more\" >&#8230;<\/a><\/p>\n","protected":false},"author":1,"featured_media":21889,"comment_status":"open","ping_status":"open","sticky":false,"template":"","format":"standard","meta":{"_jetpack_memberships_contains_paid_content":false,"footnotes":"","jetpack_publicize_message":"","jetpack_publicize_feature_enabled":true,"jetpack_social_post_already_shared":false,"jetpack_social_options":{"image_generator_settings":{"template":"highway","default_image_id":0,"enabled":false},"version":2}},"categories":[8,5,2,7,3],"tags":[7997],"class_list":["post-21888","post","type-post","status-publish","format-standard","has-post-thumbnail","hentry","category-deliberando","category-deportes","category-locales","category-politica","category-region","tag-perotti-con-fiscales-el-domingo-vamos-a-cuidar-el-futuro-de-todos-los-santafesinos"],"jetpack_publicize_connections":[],"jetpack_featured_media_url":"https:\/\/armstrongyregion.com.ar\/diario\/wp-content\/uploads\/2019\/06\/Perotti-fiscales.jpg","jetpack_shortlink":"https:\/\/wp.me\/p62QDO-5H2","jetpack_sharing_enabled":true,"amp_enabled":true,"_links":{"self":[{"href":"https:\/\/armstrongyregion.com.ar\/diario\/wp-json\/wp\/v2\/posts\/21888","targetHints":{"allow":["GET"]}}],"collection":[{"href":"https:\/\/armstrongyregion.com.ar\/diario\/wp-json\/wp\/v2\/posts"}],"about":[{"href":"https:\/\/armstrongyregion.com.ar\/diario\/wp-json\/wp\/v2\/types\/post"}],"author":[{"embeddable":true,"href":"https:\/\/armstrongyregion.com.ar\/diario\/wp-json\/wp\/v2\/users\/1"}],"replies":[{"embeddable":true,"href":"https:\/\/armstrongyregion.com.ar\/diario\/wp-json\/wp\/v2\/comments?post=21888"}],"version-history":[{"count":0,"href":"https:\/\/armstrongyregion.com.ar\/diario\/wp-json\/wp\/v2\/posts\/21888\/revisions"}],"wp:featuredmedia":[{"embeddable":true,"href":"https:\/\/armstrongyregion.com.ar\/diario\/wp-json\/wp\/v2\/media\/21889"}],"wp:attachment":[{"href":"https:\/\/armstrongyregion.com.ar\/diario\/wp-json\/wp\/v2\/media?parent=21888"}],"wp:term":[{"taxonomy":"category","embeddable":true,"href":"https:\/\/armstrongyregion.com.ar\/diario\/wp-json\/wp\/v2\/categories?post=21888"},{"taxonomy":"post_tag","embeddable":true,"href":"https:\/\/armstrongyregion.com.ar\/diario\/wp-json\/wp\/v2\/tags?post=21888"}],"curies":[{"name":"wp","href":"https:\/\/api.w.org\/{rel}","templated":true}]}}