{"id":21882,"date":"2019-06-07T12:25:00","date_gmt":"2019-06-07T12:25:00","guid":{"rendered":"https:\/\/armstrongyregion.com.ar\/diario\/?p=21882"},"modified":"2019-06-07T12:25:00","modified_gmt":"2019-06-07T12:25:00","slug":"el-oficialismo-presento-una-minuta-de-declaracion-refiriendose-a-ni-una-menos","status":"publish","type":"post","link":"https:\/\/armstrongyregion.com.ar\/diario\/el-oficialismo-presento-una-minuta-de-declaracion-refiriendose-a-ni-una-menos\/","title":{"rendered":"El Oficialismo presento una minuta de declaraci\u00f3n refiri\u00e9ndose a \u201cNi una Menos\u201d."},"content":{"rendered":"<p><a href=\"http:\/\/armstrongyregion.com.ar\/diario\/wp-content\/uploads\/2018\/05\/CSC_0048.jpg\"><img loading=\"lazy\" decoding=\"async\" class=\"alignnone size-large wp-image-17114\" src=\"http:\/\/armstrongyregion.com.ar\/diario\/wp-content\/uploads\/2018\/05\/CSC_0048-1024x681.jpg\" alt=\"Concejal- Alejandro-Pertusati-\" width=\"800\" height=\"532\" \/><\/a>En la sesi\u00f3n del pasado martes, el bloque del Frente Progresista C\u00edvico y Social, integrado por los concejales Carlos Cuffia y Alejandro Pertusati, presentaron una minuta de declaraci\u00f3n refiri\u00e9ndose a la marcha bajo el lema de \u201cNi una Menos\u201d.<\/p>\n<p>El concejal Pertusati expres\u00f3: \u201clas marchas ya se vienen realizando del 2015 en adelante en nuestro pa\u00eds, en \u00a0diversas ciudades, ya que los n\u00fameros son un poco escalofriantes, del 2015 hasta ahora se han reportado m\u00e1s de 2.400 femicidios.\u00a0 Nos parece que ya es horade tomar cartas en el asunto porque solo el 33% de esos femicidios previos ten\u00edan un proceso judicial o denuncia contra el homicida. Como cuerpo legislativo debemos ser promotores de estas denuncias\u201d.<\/p>\n<p>El edil, tambi\u00e9n fue consultado por el Pedido de Informe que presentaron los concejales de Renovaci\u00f3n por Armstrong, de la inquietud de los vecinos sobre los residuos que se tiran en los efluentes cloacales, Pertusati dijo: \u201cNosotros como bloque acompa\u00f1amos ese pedido de informe, tenemos conocimiento de que se tiran residuos secos como ramas y hojas de \u00e1rboles, obviamente estamos a favor del medio ambiente\u201d.<\/p>\n<p>&nbsp;<\/p>\n","protected":false},"excerpt":{"rendered":"<p>En la sesi\u00f3n del pasado martes, el bloque del Frente Progresista C\u00edvico y Social, integrado por los concejales Carlos Cuffia y Alejandro Pertusati, presentaron una minuta de declaraci\u00f3n refiri\u00e9ndose a la marcha bajo el lema de \u201cNi una Menos\u201d. El concejal Pertusati expres\u00f3: \u201clas marchas ya se vienen realizando del 2015 en adelante en nuestro <a href=\"https:\/\/armstrongyregion.com.ar\/diario\/el-oficialismo-presento-una-minuta-de-declaracion-refiriendose-a-ni-una-menos\/\" title=\"Read more\" >&#8230;<\/a><\/p>\n","protected":false},"author":1,"featured_media":0,"comment_status":"open","ping_status":"open","sticky":false,"template":"","format":"standard","meta":{"_jetpack_memberships_contains_paid_content":false,"footnotes":"","jetpack_publicize_message":"","jetpack_publicize_feature_enabled":true,"jetpack_social_post_already_shared":false,"jetpack_social_options":{"image_generator_settings":{"template":"highway","default_image_id":0,"enabled":false},"version":2}},"categories":[6,8,1,2,7],"tags":[7995],"class_list":["post-21882","post","type-post","status-publish","format-standard","hentry","category-cultura-entretenimiento","category-deliberando","category-diario-armstrong","category-locales","category-politica","tag-el-oficialismo-presento-una-minuta-de-declaracion-refiriendose-a-ni-una-menos"],"jetpack_publicize_connections":[],"jetpack_featured_media_url":"","jetpack_shortlink":"https:\/\/wp.me\/p62QDO-5GW","jetpack_sharing_enabled":true,"amp_enabled":true,"_links":{"self":[{"href":"https:\/\/armstrongyregion.com.ar\/diario\/wp-json\/wp\/v2\/posts\/21882","targetHints":{"allow":["GET"]}}],"collection":[{"href":"https:\/\/armstrongyregion.com.ar\/diario\/wp-json\/wp\/v2\/posts"}],"about":[{"href":"https:\/\/armstrongyregion.com.ar\/diario\/wp-json\/wp\/v2\/types\/post"}],"author":[{"embeddable":true,"href":"https:\/\/armstrongyregion.com.ar\/diario\/wp-json\/wp\/v2\/users\/1"}],"replies":[{"embeddable":true,"href":"https:\/\/armstrongyregion.com.ar\/diario\/wp-json\/wp\/v2\/comments?post=21882"}],"version-history":[{"count":0,"href":"https:\/\/armstrongyregion.com.ar\/diario\/wp-json\/wp\/v2\/posts\/21882\/revisions"}],"wp:attachment":[{"href":"https:\/\/armstrongyregion.com.ar\/diario\/wp-json\/wp\/v2\/media?parent=21882"}],"wp:term":[{"taxonomy":"category","embeddable":true,"href":"https:\/\/armstrongyregion.com.ar\/diario\/wp-json\/wp\/v2\/categories?post=21882"},{"taxonomy":"post_tag","embeddable":true,"href":"https:\/\/armstrongyregion.com.ar\/diario\/wp-json\/wp\/v2\/tags?post=21882"}],"curies":[{"name":"wp","href":"https:\/\/api.w.org\/{rel}","templated":true}]}}