{"id":21862,"date":"2019-06-06T13:30:40","date_gmt":"2019-06-06T13:30:40","guid":{"rendered":"https:\/\/armstrongyregion.com.ar\/diario\/?p=21862"},"modified":"2019-06-06T13:30:40","modified_gmt":"2019-06-06T13:30:40","slug":"clerici-presento-nuevo-compactador-en-su-municipio","status":"publish","type":"post","link":"https:\/\/armstrongyregion.com.ar\/diario\/clerici-presento-nuevo-compactador-en-su-municipio\/","title":{"rendered":"Clerici presento nuevo compactador en su municipio."},"content":{"rendered":"<p style=\"font-weight: 400;\"><a href=\"http:\/\/armstrongyregion.com.ar\/diario\/wp-content\/uploads\/2019\/06\/62403214_1192394350922577_3954468001079623680_n.jpg\"><img loading=\"lazy\" decoding=\"async\" class=\"alignnone size-full wp-image-21863\" src=\"http:\/\/armstrongyregion.com.ar\/diario\/wp-content\/uploads\/2019\/06\/62403214_1192394350922577_3954468001079623680_n.jpg\" alt=\"62403214_1192394350922577_3954468001079623680_n\" width=\"768\" height=\"432\" srcset=\"https:\/\/armstrongyregion.com.ar\/diario\/wp-content\/uploads\/2019\/06\/62403214_1192394350922577_3954468001079623680_n.jpg 768w, https:\/\/armstrongyregion.com.ar\/diario\/wp-content\/uploads\/2019\/06\/62403214_1192394350922577_3954468001079623680_n-300x169.jpg 300w\" sizes=\"auto, (max-width: 768px) 100vw, 768px\" \/><\/a>De esta manera contin\u00faa la renovaci\u00f3n y ampliaci\u00f3n del parque automotor para una mejor prestaci\u00f3n de servicios.<\/p>\n<p style=\"font-weight: 400;\">\u00a0La intendenta Stella Cl\u00e9rici junto a la presidenta del Concejo Carina Mozzoni presentaron el nuevo cami\u00f3n compactador que adquiri\u00f3 el municipio para continuar con la renovaci\u00f3n y ampliaci\u00f3n del parque automotor para una mejor prestaci\u00f3n de servicios.<\/p>\n<p style=\"font-weight: 400;\">Esta unidad estar\u00e1 destinada desde los pr\u00f3ximos d\u00edas a la recolecci\u00f3n de residuos domiciliarios. \u201cCon fondos propios y sin endeudamiento, estamos haciendo una Ca\u00f1ada cada d\u00eda m\u00e1s sustentable, con mejores servicios y para ello sumamos un nuevo cami\u00f3n compactador para la recolecci\u00f3n de residuos domiciliaria, que en breve se incorporar\u00e1 al servicio\u201d, expres\u00f3 Cl\u00e9rici.<\/p>\n","protected":false},"excerpt":{"rendered":"<p>De esta manera contin\u00faa la renovaci\u00f3n y ampliaci\u00f3n del parque automotor para una mejor prestaci\u00f3n de servicios. \u00a0La intendenta Stella Cl\u00e9rici junto a la presidenta del Concejo Carina Mozzoni presentaron el nuevo cami\u00f3n compactador que adquiri\u00f3 el municipio para continuar con la renovaci\u00f3n y ampliaci\u00f3n del parque automotor para una mejor prestaci\u00f3n de servicios. Esta <a href=\"https:\/\/armstrongyregion.com.ar\/diario\/clerici-presento-nuevo-compactador-en-su-municipio\/\" title=\"Read more\" >&#8230;<\/a><\/p>\n","protected":false},"author":1,"featured_media":21863,"comment_status":"open","ping_status":"open","sticky":false,"template":"","format":"standard","meta":{"_jetpack_memberships_contains_paid_content":false,"footnotes":"","jetpack_publicize_message":"","jetpack_publicize_feature_enabled":true,"jetpack_social_post_already_shared":false,"jetpack_social_options":{"image_generator_settings":{"template":"highway","default_image_id":0,"enabled":false},"version":2}},"categories":[8,1,7,3],"tags":[7990],"class_list":["post-21862","post","type-post","status-publish","format-standard","has-post-thumbnail","hentry","category-deliberando","category-diario-armstrong","category-politica","category-region","tag-clerici-presento-nuevo-compactador-en-su-municipio"],"jetpack_publicize_connections":[],"jetpack_featured_media_url":"https:\/\/armstrongyregion.com.ar\/diario\/wp-content\/uploads\/2019\/06\/62403214_1192394350922577_3954468001079623680_n.jpg","jetpack_shortlink":"https:\/\/wp.me\/p62QDO-5GC","jetpack_sharing_enabled":true,"amp_enabled":true,"_links":{"self":[{"href":"https:\/\/armstrongyregion.com.ar\/diario\/wp-json\/wp\/v2\/posts\/21862","targetHints":{"allow":["GET"]}}],"collection":[{"href":"https:\/\/armstrongyregion.com.ar\/diario\/wp-json\/wp\/v2\/posts"}],"about":[{"href":"https:\/\/armstrongyregion.com.ar\/diario\/wp-json\/wp\/v2\/types\/post"}],"author":[{"embeddable":true,"href":"https:\/\/armstrongyregion.com.ar\/diario\/wp-json\/wp\/v2\/users\/1"}],"replies":[{"embeddable":true,"href":"https:\/\/armstrongyregion.com.ar\/diario\/wp-json\/wp\/v2\/comments?post=21862"}],"version-history":[{"count":0,"href":"https:\/\/armstrongyregion.com.ar\/diario\/wp-json\/wp\/v2\/posts\/21862\/revisions"}],"wp:featuredmedia":[{"embeddable":true,"href":"https:\/\/armstrongyregion.com.ar\/diario\/wp-json\/wp\/v2\/media\/21863"}],"wp:attachment":[{"href":"https:\/\/armstrongyregion.com.ar\/diario\/wp-json\/wp\/v2\/media?parent=21862"}],"wp:term":[{"taxonomy":"category","embeddable":true,"href":"https:\/\/armstrongyregion.com.ar\/diario\/wp-json\/wp\/v2\/categories?post=21862"},{"taxonomy":"post_tag","embeddable":true,"href":"https:\/\/armstrongyregion.com.ar\/diario\/wp-json\/wp\/v2\/tags?post=21862"}],"curies":[{"name":"wp","href":"https:\/\/api.w.org\/{rel}","templated":true}]}}