{"id":21858,"date":"2019-06-06T13:22:39","date_gmt":"2019-06-06T13:22:39","guid":{"rendered":"https:\/\/armstrongyregion.com.ar\/diario\/?p=21858"},"modified":"2019-06-06T13:34:01","modified_gmt":"2019-06-06T13:34:01","slug":"armstrong-charla-sobre-prevencion-de-violencia","status":"publish","type":"post","link":"https:\/\/armstrongyregion.com.ar\/diario\/armstrong-charla-sobre-prevencion-de-violencia\/","title":{"rendered":"Armstrong. Charla sobre prevenci\u00f3n de violencia."},"content":{"rendered":"<p><a href=\"http:\/\/armstrongyregion.com.ar\/diario\/wp-content\/uploads\/2019\/06\/IMG-20190604-WA00131.jpg\"><img loading=\"lazy\" decoding=\"async\" class=\"alignnone size-full wp-image-21865\" src=\"http:\/\/armstrongyregion.com.ar\/diario\/wp-content\/uploads\/2019\/06\/IMG-20190604-WA00131.jpg\" alt=\"IMG-20190604-WA0013\" width=\"768\" height=\"576\" srcset=\"https:\/\/armstrongyregion.com.ar\/diario\/wp-content\/uploads\/2019\/06\/IMG-20190604-WA00131.jpg 768w, https:\/\/armstrongyregion.com.ar\/diario\/wp-content\/uploads\/2019\/06\/IMG-20190604-WA00131-300x225.jpg 300w\" sizes=\"auto, (max-width: 768px) 100vw, 768px\" \/><\/a>El martes 4 de junio en el sal\u00f3n auditorio Delmo Dar\u00f3 se ofreci\u00f3 una charla sobre prevenci\u00f3n de violencia que estuvo a cargo del Dr. Marcelo Trucco, Secretario de Derechos Humanos de la Provincia de Santa Fe.<\/p>\n<p>El evento estuvo dirigido a alumnos del nivel secundario, docentes y p\u00fablico en general. Se encontraban presentes el Subsecretario de DDHH Sr. Ram\u00f3n Ver\u00f3n, el Director de Programas y la Asistente T\u00e9cnica de la misma Secretar\u00eda Sr. Ramiro Guevara y Dra. Marianela Merli, respectivamente.<\/p>\n<p>El disertante inform\u00f3 que est\u00e1n trabajando sobre el conocimiento de los derechos y que la violencia es siempre preocupante, por eso en las charlas la tratan desde la prevenci\u00f3n, ya que una vez ejercida la violencia luego vendr\u00e1n otras instancias. La cuesti\u00f3n fundamental es c\u00f3mo evitar episodios violentos.<\/p>\n<p>La oportunidad de dialogar con los j\u00f3venes es muy importante porque quiz\u00e1s hoy por la influencia de las redes sociales y otros medios de comunicaci\u00f3n, ellos perciben la realidad. Violencias que no tienen que ver s\u00f3lo con lo f\u00edsico sino con lo psicol\u00f3gico, con la violencia que se reproduce con estereotipos, etc.<\/p>\n","protected":false},"excerpt":{"rendered":"<p>El martes 4 de junio en el sal\u00f3n auditorio Delmo Dar\u00f3 se ofreci\u00f3 una charla sobre prevenci\u00f3n de violencia que estuvo a cargo del Dr. Marcelo Trucco, Secretario de Derechos Humanos de la Provincia de Santa Fe. El evento estuvo dirigido a alumnos del nivel secundario, docentes y p\u00fablico en general. Se encontraban presentes el <a href=\"https:\/\/armstrongyregion.com.ar\/diario\/armstrong-charla-sobre-prevencion-de-violencia\/\" title=\"Read more\" >&#8230;<\/a><\/p>\n","protected":false},"author":1,"featured_media":21859,"comment_status":"open","ping_status":"open","sticky":false,"template":"","format":"standard","meta":{"_jetpack_memberships_contains_paid_content":false,"footnotes":"","jetpack_publicize_message":"","jetpack_publicize_feature_enabled":true,"jetpack_social_post_already_shared":false,"jetpack_social_options":{"image_generator_settings":{"template":"highway","default_image_id":0,"enabled":false},"version":2}},"categories":[6,8,1,2,4,3],"tags":[7989],"class_list":["post-21858","post","type-post","status-publish","format-standard","has-post-thumbnail","hentry","category-cultura-entretenimiento","category-deliberando","category-diario-armstrong","category-locales","category-prevencion-salud","category-region","tag-charla-sobre-prevencion-de-violencia"],"jetpack_publicize_connections":[],"jetpack_featured_media_url":"https:\/\/armstrongyregion.com.ar\/diario\/wp-content\/uploads\/2019\/06\/IMG-20190604-WA0013.jpg","jetpack_shortlink":"https:\/\/wp.me\/p62QDO-5Gy","jetpack_sharing_enabled":true,"amp_enabled":true,"_links":{"self":[{"href":"https:\/\/armstrongyregion.com.ar\/diario\/wp-json\/wp\/v2\/posts\/21858","targetHints":{"allow":["GET"]}}],"collection":[{"href":"https:\/\/armstrongyregion.com.ar\/diario\/wp-json\/wp\/v2\/posts"}],"about":[{"href":"https:\/\/armstrongyregion.com.ar\/diario\/wp-json\/wp\/v2\/types\/post"}],"author":[{"embeddable":true,"href":"https:\/\/armstrongyregion.com.ar\/diario\/wp-json\/wp\/v2\/users\/1"}],"replies":[{"embeddable":true,"href":"https:\/\/armstrongyregion.com.ar\/diario\/wp-json\/wp\/v2\/comments?post=21858"}],"version-history":[{"count":0,"href":"https:\/\/armstrongyregion.com.ar\/diario\/wp-json\/wp\/v2\/posts\/21858\/revisions"}],"wp:featuredmedia":[{"embeddable":true,"href":"https:\/\/armstrongyregion.com.ar\/diario\/wp-json\/wp\/v2\/media\/21859"}],"wp:attachment":[{"href":"https:\/\/armstrongyregion.com.ar\/diario\/wp-json\/wp\/v2\/media?parent=21858"}],"wp:term":[{"taxonomy":"category","embeddable":true,"href":"https:\/\/armstrongyregion.com.ar\/diario\/wp-json\/wp\/v2\/categories?post=21858"},{"taxonomy":"post_tag","embeddable":true,"href":"https:\/\/armstrongyregion.com.ar\/diario\/wp-json\/wp\/v2\/tags?post=21858"}],"curies":[{"name":"wp","href":"https:\/\/api.w.org\/{rel}","templated":true}]}}