{"id":21814,"date":"2019-06-05T14:37:11","date_gmt":"2019-06-05T14:37:11","guid":{"rendered":"https:\/\/armstrongyregion.com.ar\/diario\/?p=21814"},"modified":"2019-06-05T14:37:11","modified_gmt":"2019-06-05T14:37:11","slug":"este-domingo-nueva-feria-de-sabores-y-colores-en-armstrong","status":"publish","type":"post","link":"https:\/\/armstrongyregion.com.ar\/diario\/este-domingo-nueva-feria-de-sabores-y-colores-en-armstrong\/","title":{"rendered":"Este domingo nueva Feria de Sabores y Colores en Armstrong."},"content":{"rendered":"<p><a href=\"http:\/\/armstrongyregion.com.ar\/diario\/wp-content\/uploads\/2019\/06\/2550-feria_armstrong.jpg\"><img loading=\"lazy\" decoding=\"async\" class=\"alignnone size-full wp-image-21815\" src=\"http:\/\/armstrongyregion.com.ar\/diario\/wp-content\/uploads\/2019\/06\/2550-feria_armstrong.jpg\" alt=\"2550-feria_armstrong\" width=\"960\" height=\"720\" srcset=\"https:\/\/armstrongyregion.com.ar\/diario\/wp-content\/uploads\/2019\/06\/2550-feria_armstrong.jpg 960w, https:\/\/armstrongyregion.com.ar\/diario\/wp-content\/uploads\/2019\/06\/2550-feria_armstrong-300x225.jpg 300w\" sizes=\"auto, (max-width: 960px) 100vw, 960px\" \/><\/a>La Municipalidad de Armstrong invita a visitar una nueva jornada de la Feria Sabores y Colores Locales que se realizar\u00e1 el domingo 9 de junio desde las 14,30 hs. en el paseo artesanal del parque Bracito Fuerte.<\/p>\n<p>Participar\u00e1n una gran cantidad de emprendedores de la\u00a0 ciudad ofreciendo sus productos elaborados artesanalmente, y estar\u00e1n presentes tambi\u00e9n artesanos invitados de la regi\u00f3n, con \u00a0stands de panificaci\u00f3n, chocolater\u00eda, bijouterie, cer\u00e1mica, tejidos, jardiner\u00eda, trabajos en madera, metal y telas, dulces, pinturas, entre otros.<\/p>\n<p>Habr\u00e1 sorteos y servicio de buffet y el evento quedar\u00e1 suspendido en caso de lluvia.<\/p>\n","protected":false},"excerpt":{"rendered":"<p>La Municipalidad de Armstrong invita a visitar una nueva jornada de la Feria Sabores y Colores Locales que se realizar\u00e1 el domingo 9 de junio desde las 14,30 hs. en el paseo artesanal del parque Bracito Fuerte. Participar\u00e1n una gran cantidad de emprendedores de la\u00a0 ciudad ofreciendo sus productos elaborados artesanalmente, y estar\u00e1n presentes tambi\u00e9n <a href=\"https:\/\/armstrongyregion.com.ar\/diario\/este-domingo-nueva-feria-de-sabores-y-colores-en-armstrong\/\" title=\"Read more\" >&#8230;<\/a><\/p>\n","protected":false},"author":1,"featured_media":21815,"comment_status":"open","ping_status":"open","sticky":false,"template":"","format":"standard","meta":{"_jetpack_memberships_contains_paid_content":false,"footnotes":"","jetpack_publicize_message":"","jetpack_publicize_feature_enabled":true,"jetpack_social_post_already_shared":false,"jetpack_social_options":{"image_generator_settings":{"template":"highway","default_image_id":0,"enabled":false},"version":2}},"categories":[6,8,1,2,3],"tags":[],"class_list":["post-21814","post","type-post","status-publish","format-standard","has-post-thumbnail","hentry","category-cultura-entretenimiento","category-deliberando","category-diario-armstrong","category-locales","category-region"],"jetpack_publicize_connections":[],"jetpack_featured_media_url":"https:\/\/armstrongyregion.com.ar\/diario\/wp-content\/uploads\/2019\/06\/2550-feria_armstrong.jpg","jetpack_shortlink":"https:\/\/wp.me\/p62QDO-5FQ","jetpack_sharing_enabled":true,"amp_enabled":true,"_links":{"self":[{"href":"https:\/\/armstrongyregion.com.ar\/diario\/wp-json\/wp\/v2\/posts\/21814","targetHints":{"allow":["GET"]}}],"collection":[{"href":"https:\/\/armstrongyregion.com.ar\/diario\/wp-json\/wp\/v2\/posts"}],"about":[{"href":"https:\/\/armstrongyregion.com.ar\/diario\/wp-json\/wp\/v2\/types\/post"}],"author":[{"embeddable":true,"href":"https:\/\/armstrongyregion.com.ar\/diario\/wp-json\/wp\/v2\/users\/1"}],"replies":[{"embeddable":true,"href":"https:\/\/armstrongyregion.com.ar\/diario\/wp-json\/wp\/v2\/comments?post=21814"}],"version-history":[{"count":0,"href":"https:\/\/armstrongyregion.com.ar\/diario\/wp-json\/wp\/v2\/posts\/21814\/revisions"}],"wp:featuredmedia":[{"embeddable":true,"href":"https:\/\/armstrongyregion.com.ar\/diario\/wp-json\/wp\/v2\/media\/21815"}],"wp:attachment":[{"href":"https:\/\/armstrongyregion.com.ar\/diario\/wp-json\/wp\/v2\/media?parent=21814"}],"wp:term":[{"taxonomy":"category","embeddable":true,"href":"https:\/\/armstrongyregion.com.ar\/diario\/wp-json\/wp\/v2\/categories?post=21814"},{"taxonomy":"post_tag","embeddable":true,"href":"https:\/\/armstrongyregion.com.ar\/diario\/wp-json\/wp\/v2\/tags?post=21814"}],"curies":[{"name":"wp","href":"https:\/\/api.w.org\/{rel}","templated":true}]}}