{"id":21793,"date":"2019-06-04T00:32:35","date_gmt":"2019-06-04T00:32:35","guid":{"rendered":"https:\/\/armstrongyregion.com.ar\/diario\/?p=21793"},"modified":"2019-06-04T00:32:35","modified_gmt":"2019-06-04T00:32:35","slug":"clerici-continuaremos-reclamando-para-que-la-ruta-9-tenga-las-condiciones-de-seguridad-y-transitabilidad","status":"publish","type":"post","link":"https:\/\/armstrongyregion.com.ar\/diario\/clerici-continuaremos-reclamando-para-que-la-ruta-9-tenga-las-condiciones-de-seguridad-y-transitabilidad\/","title":{"rendered":"Clerici;  \u201cContinuaremos reclamando para que la ruta 9 tenga las condiciones de seguridad y transitabilidad\u00bb."},"content":{"rendered":"<p style=\"font-weight: 400;\"><strong><a href=\"http:\/\/armstrongyregion.com.ar\/diario\/wp-content\/uploads\/2019\/06\/Clerici-rutas-junio-.jpg\"><img loading=\"lazy\" decoding=\"async\" class=\"alignnone size-full wp-image-21794\" src=\"http:\/\/armstrongyregion.com.ar\/diario\/wp-content\/uploads\/2019\/06\/Clerici-rutas-junio-.jpg\" alt=\"Clerici-rutas-junio-\" width=\"768\" height=\"576\" srcset=\"https:\/\/armstrongyregion.com.ar\/diario\/wp-content\/uploads\/2019\/06\/Clerici-rutas-junio-.jpg 768w, https:\/\/armstrongyregion.com.ar\/diario\/wp-content\/uploads\/2019\/06\/Clerici-rutas-junio--300x225.jpg 300w\" sizes=\"auto, (max-width: 768px) 100vw, 768px\" \/><\/a>\u201cLAS ACCIONES JUDICIALES POR RUTAS MAS SEGURAS EST\u00c1N DANDO RESULTADOS Y SEGUIREMOS LUCHANDO HASTA QUE LAS OBRAS SE COMPLETEN\u201d<\/strong><\/p>\n<p style=\"font-weight: 400;\">Stella Cl\u00e9rici , German Troiano\u00a0 y Carina Mozzoni<strong>,<\/strong>\u00a0recibieron a personal de Vialidad Nacional. Los dirigentes conversaron en relaci\u00f3n al resultado de las gestiones que\u00a0 se realizan desde\u00a0 Ca\u00f1ada de G\u00f3mez y Villa Elo\u00edsa,\u00a0 para conseguir rutas m\u00e1s seguras. En especial autopista Ca\u00f1ada de G\u00f3mez-Rosario, Ruta Nacional N\u00b0 9 jurisdicci\u00f3n Ca\u00f1ada de G\u00f3mez y Ruta Nacional N\u00b0 178, tramo ruta 9-Villa Elo\u00edsa.<\/p>\n<p style=\"font-weight: 400;\">\u201cEn este momento se est\u00e1 reconstruyendo la traza de la autopista \u2013en el tramo Carcara\u00f1a \/Rold\u00e1n, realiz\u00e1ndose trabajos adecuados, luego de la interposici\u00f3n de una acci\u00f3n de amparo por usuarios y consumidores e intensos reclamos en especial desde el Concejo Municipal de Ca\u00f1ada de G\u00f3mez\u201d, inform\u00f3 Carina Mozzoni.<\/p>\n<p style=\"font-weight: 400;\">Vialidad confirm\u00f3 que se firm\u00f3 la adjudicaci\u00f3n de la Obra de Reconstrucci\u00f3n de la ruta nacional 178 en el tramo referido. \u201cSeguiremos con el amparo interpuesto, hasta tanto se concrete la obra\u201d, afirm\u00f3 German Troiano.<\/p>\n<p style=\"font-weight: 400;\">Por su parte, la Intendente Stella Clerici, plante\u00f3 su disconformidad en relaci\u00f3n a las escasas reparaciones realizadas sobre la ruta 9, por Vialidad, como respuesta a la orden judicial impartida hace casi 3 meses atr\u00e1s. \u201cContinuaremos reclamando para que la ruta 9 tenga las condiciones de seguridad y transitabilidad que nos merecemos, especialmente teniendo en cuenta los importantes aportes que realizan Ca\u00f1ada y la regi\u00f3n a la econom\u00eda nacional\u201d, reflexion\u00f3 Cl\u00e9rici.<\/p>\n","protected":false},"excerpt":{"rendered":"<p>\u201cLAS ACCIONES JUDICIALES POR RUTAS MAS SEGURAS EST\u00c1N DANDO RESULTADOS Y SEGUIREMOS LUCHANDO HASTA QUE LAS OBRAS SE COMPLETEN\u201d Stella Cl\u00e9rici , German Troiano\u00a0 y Carina Mozzoni,\u00a0recibieron a personal de Vialidad Nacional. Los dirigentes conversaron en relaci\u00f3n al resultado de las gestiones que\u00a0 se realizan desde\u00a0 Ca\u00f1ada de G\u00f3mez y Villa Elo\u00edsa,\u00a0 para conseguir rutas <a href=\"https:\/\/armstrongyregion.com.ar\/diario\/clerici-continuaremos-reclamando-para-que-la-ruta-9-tenga-las-condiciones-de-seguridad-y-transitabilidad\/\" title=\"Read more\" >&#8230;<\/a><\/p>\n","protected":false},"author":1,"featured_media":21794,"comment_status":"open","ping_status":"open","sticky":false,"template":"","format":"standard","meta":{"_jetpack_memberships_contains_paid_content":false,"footnotes":"","jetpack_publicize_message":"","jetpack_publicize_feature_enabled":true,"jetpack_social_post_already_shared":false,"jetpack_social_options":{"image_generator_settings":{"template":"highway","default_image_id":0,"enabled":false},"version":2}},"categories":[8,1,7,3],"tags":[7970],"class_list":["post-21793","post","type-post","status-publish","format-standard","has-post-thumbnail","hentry","category-deliberando","category-diario-armstrong","category-politica","category-region","tag-clerici-continuaremos-reclamando-para-que-la-ruta-9-tenga-las-condiciones-de-seguridad-y-transitabilidad"],"jetpack_publicize_connections":[],"jetpack_featured_media_url":"https:\/\/armstrongyregion.com.ar\/diario\/wp-content\/uploads\/2019\/06\/Clerici-rutas-junio-.jpg","jetpack_shortlink":"https:\/\/wp.me\/p62QDO-5Fv","jetpack_sharing_enabled":true,"amp_enabled":true,"_links":{"self":[{"href":"https:\/\/armstrongyregion.com.ar\/diario\/wp-json\/wp\/v2\/posts\/21793","targetHints":{"allow":["GET"]}}],"collection":[{"href":"https:\/\/armstrongyregion.com.ar\/diario\/wp-json\/wp\/v2\/posts"}],"about":[{"href":"https:\/\/armstrongyregion.com.ar\/diario\/wp-json\/wp\/v2\/types\/post"}],"author":[{"embeddable":true,"href":"https:\/\/armstrongyregion.com.ar\/diario\/wp-json\/wp\/v2\/users\/1"}],"replies":[{"embeddable":true,"href":"https:\/\/armstrongyregion.com.ar\/diario\/wp-json\/wp\/v2\/comments?post=21793"}],"version-history":[{"count":0,"href":"https:\/\/armstrongyregion.com.ar\/diario\/wp-json\/wp\/v2\/posts\/21793\/revisions"}],"wp:featuredmedia":[{"embeddable":true,"href":"https:\/\/armstrongyregion.com.ar\/diario\/wp-json\/wp\/v2\/media\/21794"}],"wp:attachment":[{"href":"https:\/\/armstrongyregion.com.ar\/diario\/wp-json\/wp\/v2\/media?parent=21793"}],"wp:term":[{"taxonomy":"category","embeddable":true,"href":"https:\/\/armstrongyregion.com.ar\/diario\/wp-json\/wp\/v2\/categories?post=21793"},{"taxonomy":"post_tag","embeddable":true,"href":"https:\/\/armstrongyregion.com.ar\/diario\/wp-json\/wp\/v2\/tags?post=21793"}],"curies":[{"name":"wp","href":"https:\/\/api.w.org\/{rel}","templated":true}]}}