{"id":21769,"date":"2019-06-03T00:15:37","date_gmt":"2019-06-03T00:15:37","guid":{"rendered":"https:\/\/armstrongyregion.com.ar\/diario\/?p=21769"},"modified":"2019-06-03T00:15:37","modified_gmt":"2019-06-03T00:15:37","slug":"perotti-y-bielsa-con-eje-en-salud-publica-para-santa-fe","status":"publish","type":"post","link":"https:\/\/armstrongyregion.com.ar\/diario\/perotti-y-bielsa-con-eje-en-salud-publica-para-santa-fe\/","title":{"rendered":"Perotti y Bielsa con eje en salud p\u00fablica para Santa Fe."},"content":{"rendered":"<p style=\"font-weight: 400;\"><a href=\"http:\/\/armstrongyregion.com.ar\/diario\/wp-content\/uploads\/2019\/06\/OP-MEB.jpg\"><img loading=\"lazy\" decoding=\"async\" class=\"alignnone size-full wp-image-21770\" src=\"http:\/\/armstrongyregion.com.ar\/diario\/wp-content\/uploads\/2019\/06\/OP-MEB.jpg\" alt=\"OP MEB\" width=\"768\" height=\"529\" srcset=\"https:\/\/armstrongyregion.com.ar\/diario\/wp-content\/uploads\/2019\/06\/OP-MEB.jpg 768w, https:\/\/armstrongyregion.com.ar\/diario\/wp-content\/uploads\/2019\/06\/OP-MEB-300x207.jpg 300w\" sizes=\"auto, (max-width: 768px) 100vw, 768px\" \/><\/a>Omar Perotti y Mar\u00eda Eugenia Bielsa encabezaron un seminario sobre salud p\u00fablica para la provincia de Santa Fe. En ese marco, el candidato a gobernador afirm\u00f3 que \u201ctenemos por delante una enorme tarea social. Tenemos que cuidar mejor a los trabajadores de la salud para que puedan desarrollar sus tareas tranquilos y con normalidad\u201d. Por su parte, Bielsa afirm\u00f3 que \u201cnuestro proyecto tiene como ejes la prevenci\u00f3n, la participaci\u00f3n y una distribuci\u00f3n equitativa e igualadora de la salud en toda la provincia\u201d.<\/p>\n<p style=\"font-weight: 400;\">\u00a0\u201cEn nuestra provincia podemos aceptar diferencias pero no desigualdades\u201d ampli\u00f3 Perotti y agreg\u00f3: \u201cnosotros s\u00ed vamos a cuidar a los agentes sanitarios de la provincia para que puedan desarrollar sus tareas con normalidad en lugares o espacios que est\u00e1n tomados por el delito y el narcotr\u00e1fico. Tenemos que mejorar sus condiciones de trabajo; tenemos que estar a la par. All\u00ed es donde no hay que tener miedo, porque estamos decididos a tener una pol\u00edtica de seguridad muy diferente\u201d.<\/p>\n<p style=\"font-weight: 400;\">\u00a0En la jornada que se realiz\u00f3 bajo el t\u00edtulo \u201cJuntos por el Derecho a la Salud de los Santafesinos\u201d, Bielsa resalt\u00f3 que el futuro gobierno deber\u00e1 \u201csuperar la propuesta existente en aquello que tiene que ver con la actividad territorial\u201d. En ese sentido, afirm\u00f3 que \u201cuna cosa es la salud en ciudades grandes como Rosario y Santa Fe, y otra cosa es la salud en los departamentos Vera o 9 de Julio\u201d.<\/p>\n<p style=\"font-weight: 400;\">\u00a0Asimismo, la rosarina resalt\u00f3 que \u201cnuestro proyecto tiene como ejes la prevenci\u00f3n, la participaci\u00f3n y una distribuci\u00f3n equitativa e igualadora de la salud en toda la provincia. Eso el Socialismo no lo tiene y no lo va a tener. Porque no es que en distintas partes de la provincia haya distintas calidades de salud; en Rosario y Santa Fe hay calidades de salud y en el resto del territorio santafesino hay ausencia de salud\u201d.<\/p>\n<p style=\"font-weight: 400;\">\u00a0Durante el evento, del que tambi\u00e9n particip\u00f3 el ex ministro de Salud Daniel Goll\u00e1n, Perotti subray\u00f3 \u201cla necesidad de mejorar todo el sistema de salud, donde se resguarden los pisos de inversi\u00f3n\u201d, y \u201cse generen condiciones para optimizar su funcionamiento\u201d.<\/p>\n<p style=\"font-weight: 400;\">\u00a0\u201cHay que garantizar los recursos humanos en aquellos lugares de la provincia donde se reclama la presencia de m\u00e9dicos. El Estado tiene que volver all\u00ed de donde nunca debi\u00f3 haberse ido, con todo el poder de la salud. Y all\u00ed vamos a estar, a partir del 10 de diciembre, generando inclusi\u00f3n\u201d, sigui\u00f3 Perotti.<\/p>\n<p style=\"font-weight: 400;\">\u00a0Para cerrar se\u00f1al\u00f3: \u201cTenemos la enorme tarea por delante de cuidar mejor a nuestra gente. Y la salud es una forma de hacerlo. Al Socialismo le toc\u00f3 gobernar una etapa con los mayores presupuestos de la historia de la provincia de Santa Fe, con los mayores niveles de ingreso por recaudaci\u00f3n propia y por coparticipaci\u00f3n nacional. Pero cuando vemos estos 12 a\u00f1os y lo que se ha hecho en materia de salud en el interior, nos preguntamos c\u00f3mo alguien que tuvo tanto ha hecho tan poco\u201d.<\/p>\n","protected":false},"excerpt":{"rendered":"<p>Omar Perotti y Mar\u00eda Eugenia Bielsa encabezaron un seminario sobre salud p\u00fablica para la provincia de Santa Fe. En ese marco, el candidato a gobernador afirm\u00f3 que \u201ctenemos por delante una enorme tarea social. Tenemos que cuidar mejor a los trabajadores de la salud para que puedan desarrollar sus tareas tranquilos y con normalidad\u201d. Por <a href=\"https:\/\/armstrongyregion.com.ar\/diario\/perotti-y-bielsa-con-eje-en-salud-publica-para-santa-fe\/\" title=\"Read more\" >&#8230;<\/a><\/p>\n","protected":false},"author":1,"featured_media":21770,"comment_status":"open","ping_status":"open","sticky":false,"template":"","format":"standard","meta":{"_jetpack_memberships_contains_paid_content":false,"footnotes":"","jetpack_publicize_message":"","jetpack_publicize_feature_enabled":true,"jetpack_social_post_already_shared":false,"jetpack_social_options":{"image_generator_settings":{"template":"highway","default_image_id":0,"enabled":false},"version":2}},"categories":[8,1,7,3],"tags":[7963],"class_list":["post-21769","post","type-post","status-publish","format-standard","has-post-thumbnail","hentry","category-deliberando","category-diario-armstrong","category-politica","category-region","tag-perotti-y-bielsa-con-eje-en-salud-publica-para-santa-fe"],"jetpack_publicize_connections":[],"jetpack_featured_media_url":"https:\/\/armstrongyregion.com.ar\/diario\/wp-content\/uploads\/2019\/06\/OP-MEB.jpg","jetpack_shortlink":"https:\/\/wp.me\/p62QDO-5F7","jetpack_sharing_enabled":true,"amp_enabled":true,"_links":{"self":[{"href":"https:\/\/armstrongyregion.com.ar\/diario\/wp-json\/wp\/v2\/posts\/21769","targetHints":{"allow":["GET"]}}],"collection":[{"href":"https:\/\/armstrongyregion.com.ar\/diario\/wp-json\/wp\/v2\/posts"}],"about":[{"href":"https:\/\/armstrongyregion.com.ar\/diario\/wp-json\/wp\/v2\/types\/post"}],"author":[{"embeddable":true,"href":"https:\/\/armstrongyregion.com.ar\/diario\/wp-json\/wp\/v2\/users\/1"}],"replies":[{"embeddable":true,"href":"https:\/\/armstrongyregion.com.ar\/diario\/wp-json\/wp\/v2\/comments?post=21769"}],"version-history":[{"count":0,"href":"https:\/\/armstrongyregion.com.ar\/diario\/wp-json\/wp\/v2\/posts\/21769\/revisions"}],"wp:featuredmedia":[{"embeddable":true,"href":"https:\/\/armstrongyregion.com.ar\/diario\/wp-json\/wp\/v2\/media\/21770"}],"wp:attachment":[{"href":"https:\/\/armstrongyregion.com.ar\/diario\/wp-json\/wp\/v2\/media?parent=21769"}],"wp:term":[{"taxonomy":"category","embeddable":true,"href":"https:\/\/armstrongyregion.com.ar\/diario\/wp-json\/wp\/v2\/categories?post=21769"},{"taxonomy":"post_tag","embeddable":true,"href":"https:\/\/armstrongyregion.com.ar\/diario\/wp-json\/wp\/v2\/tags?post=21769"}],"curies":[{"name":"wp","href":"https:\/\/api.w.org\/{rel}","templated":true}]}}